{"id":15345,"date":"2019-09-16T19:17:13","date_gmt":"2019-09-16T19:17:13","guid":{"rendered":"https:\/\/b2midia.com.br\/?p=15345"},"modified":"2019-09-16T19:17:13","modified_gmt":"2019-09-16T19:17:13","slug":"encontro-de-comunicacao-estrategias-de-alcance","status":"publish","type":"post","link":"https:\/\/b2midia.com.br\/en\/encontro-de-comunicacao-estrategias-de-alcance\/","title":{"rendered":"Encontro de comunica\u00e7\u00e3o | Estrat\u00e9gias de alcance"},"content":{"rendered":"<p>O EC &#8211; Encontro de Comunica\u00e7\u00e3o \u00e9 promovido pela B2M\u00eddia e acontece bimestralmente presencial ou online, e re\u00fane profissionais da \u00e1rea de comunica\u00e7\u00e3o para compartilhar insights, estrat\u00e9gias e cases de sucesso da CI.<\/p>\n\n\n\n<p>Nessa edi\u00e7\u00e3o, falaremos sobre as estrat\u00e9gias que nos ajudam a alcan\u00e7ar ainda mais colaboradores, junto do <strong>Victor Antonini &#8211; Analista de Relacionamento Interno<\/strong> It&#039;s from <strong>Felipe Misquini &#8211; Analista de Comunica\u00e7\u00e3o Interna, <\/strong>que s\u00e3o analistas de comunica\u00e7\u00e3o no <strong>SPC Brazil<\/strong>.<\/p>\n\n\n\n<p>N\u00e3o deixe participar! Fa\u00e7a sua inscri\u00e7\u00e3o <a href=\"https:\/\/pt-br.eventials.com\/b2.midia\/encontro-de-comunicacao-o-alcance-do-bom-humor-2\/\" target=\"_blank\" rel=\"noreferrer noopener\" aria-label=\"here (opens in a new tab)\">here<\/a>. <\/p>\n\n\n\n<p><\/p>\n\n\n\n<figure class=\"wp-block-image\"><a href=\"https:\/\/pt-br.eventials.com\/b2.midia\/encontro-de-comunicacao-o-alcance-do-bom-humor-2\/\" target=\"_blank\" rel=\"noreferrer noopener\"><img decoding=\"async\" src=\"https:\/\/uwex.b2midia.com.br\/wp-content\/uploads\/2023\/07\/1000x1300_agenda_comunicando_valores.png\" alt=\"estrat\u00e9gias\" class=\"wp-image-15349\" title=\"\"><\/a><\/figure>","protected":false},"excerpt":{"rendered":"<p>O EC &#8211; Encontro de Comunica\u00e7\u00e3o \u00e9 promovido pela B2M\u00eddia e acontece bimestralmente presencial ou online, e re\u00fane profissionais da \u00e1rea de comunica\u00e7\u00e3o para compartilhar insights, estrat\u00e9gias e cases de sucesso da CI. Nessa edi\u00e7\u00e3o, falaremos sobre as estrat\u00e9gias que nos ajudam a alcan\u00e7ar ainda mais colaboradores, junto do Victor Antonini &#8211; Analista de Relacionamento [&hellip;]<\/p>\n","protected":false},"author":1,"featured_media":20041,"comment_status":"open","ping_status":"open","sticky":false,"template":"","format":"standard","meta":{"_acf_changed":false,"footnotes":""},"categories":[33,35,36],"tags":[],"class_list":["post-15345","post","type-post","status-publish","format-standard","has-post-thumbnail","hentry","category-aplicativo","category-corporativo","category-rh"],"acf":[],"_links":{"self":[{"href":"https:\/\/b2midia.com.br\/en\/wp-json\/wp\/v2\/posts\/15345","targetHints":{"allow":["GET"]}}],"collection":[{"href":"https:\/\/b2midia.com.br\/en\/wp-json\/wp\/v2\/posts"}],"about":[{"href":"https:\/\/b2midia.com.br\/en\/wp-json\/wp\/v2\/types\/post"}],"author":[{"embeddable":true,"href":"https:\/\/b2midia.com.br\/en\/wp-json\/wp\/v2\/users\/1"}],"replies":[{"embeddable":true,"href":"https:\/\/b2midia.com.br\/en\/wp-json\/wp\/v2\/comments?post=15345"}],"version-history":[{"count":0,"href":"https:\/\/b2midia.com.br\/en\/wp-json\/wp\/v2\/posts\/15345\/revisions"}],"wp:featuredmedia":[{"embeddable":true,"href":"https:\/\/b2midia.com.br\/en\/wp-json\/wp\/v2\/media\/20041"}],"wp:attachment":[{"href":"https:\/\/b2midia.com.br\/en\/wp-json\/wp\/v2\/media?parent=15345"}],"wp:term":[{"taxonomy":"category","embeddable":true,"href":"https:\/\/b2midia.com.br\/en\/wp-json\/wp\/v2\/categories?post=15345"},{"taxonomy":"post_tag","embeddable":true,"href":"https:\/\/b2midia.com.br\/en\/wp-json\/wp\/v2\/tags?post=15345"}],"curies":[{"name":"wp","href":"https:\/\/api.w.org\/{rel}","templated":true}]}}