{"id":20861,"date":"2020-01-09T20:05:28","date_gmt":"2020-01-09T23:05:28","guid":{"rendered":"https:\/\/b2midia.com.br\/?p=20861"},"modified":"2020-01-09T20:05:28","modified_gmt":"2020-01-09T23:05:28","slug":"la-nueva-red-social-facebook-corporativo","status":"publish","type":"post","link":"https:\/\/b2midia.com.br\/en\/la-nueva-red-social-facebook-corporativo\/","title":{"rendered":"La nueva red Social Facebook corporativo"},"content":{"rendered":"<p>&nbsp;<\/p>\n<h2 style=\"text-align: left;\"><em>Mark Zuckerberg lanza nueva red social llamada lugar de trabajo para el mundo corporativo\u00a0<\/em><\/h2>\n<p><!--more--><\/p>\n<p style=\"text-align: justify;\">El lunes (10), la red de Mark Zuckerberg dio a conocer la nu<a href=\"https:\/\/b2midia.com.br\/new\/pt\/redes-sociais-geracao-de-conteudo\/\">eva red soc<\/a>ial corporativa llamada &#8220;Trabajo&#8221;. Algunos d\u00edas hicimos un post hablando de c\u00f3mo <a href=\"https:\/\/b2midia.com.br\/new\/pt\/oquesaoredessociaiscorporativa\/\">ellos est\u00e1n revolucionando <\/a>la forma de comunicarse dentro de las empresas y las redes sociales empresariales.\u00a0Como mencionamos, algunas compa\u00f1\u00edas a\u00fan no han ingresado las plataformas de la empresa y no utilizan las <a href=\"https:\/\/b2midia.com.br\/new\/pt\/redes-sociais-ambiente-corporativo\/\">redes sociales <\/a>como herramienta de comunicaci\u00f3n entre los empleados. Parece que esta plantilla es en tiempo prestado, la propuesta del lugar de trabajo debe disponer de una herramienta especifica para discutir asuntos corporativos, tormenta de ideas y para acompa\u00f1ar presentaciones y reuniones. Caracter\u00edsticas como: noticias, grupos, chat, viven, las reacciones y la investigaci\u00f3n tambi\u00e9n ser\u00e1 parte del lugar de trabajo y nuevas opciones tales como paneles de an\u00e1lisis y de los grupos de negocios m\u00faltiples llamados, que permiten a los empleados de diferentes empresas trabajo juntos.<\/p>\n<p style=\"text-align: justify;\">Se distingue la aplicaci\u00f3n de Facebook, es decir, no es necesario tener una cuenta en la herramienta a utilizar el lugar de trabajo.<\/p>\n<p style=\"text-align: justify;\">&#8220;La misi\u00f3n de Facebook es conectar el mundo. Y no se puede conectar el mundo si no conectas los espacios de trabajo &#8220;, dijo Julien Codorniou, Director global del centro de trabajo, en una entrevista con BUSINESS Era. &#8220;[A plataforma]cambiar\u00e1 la manera de trabajan de las personas. Cambiar la forma en que se comunican, &#8220;dijo<\/p>\n<p style=\"text-align: justify;\">El lugar de trabajo es un gran aliado de <a href=\"https:\/\/b2midia.com.br\/new\/pt\/importancia-da-comunicacao-interna\/\">la comunicaci\u00f3n intern<\/a>a en las empresas, adem\u00e1s de la de email marketing plantillas, newsletter, boletines, <a href=\"https:\/\/b2midia.com.br\/new\/pt\/comunicacao-corporativa-digital\/#solucoes\">televisi\u00f3n corpor<\/a>ativa, que la nueva herramienta viene como otro modelo para disminuir el ruido en la comunicaci\u00f3n, agilizar los procesos de trabajo, humanizar el lugar de trabajo y mantener a las personas que tienen el mismo inter\u00e9s conectado.<\/p>\n<p style=\"text-align: justify;\">Durante tres meses, el lugar de trabajo puede utilizarse de forma gratuita, despu\u00e9s de este per\u00edodo se cobrar\u00e1 un valor seg\u00fan el n\u00famero de empleados activos en la aplicaci\u00f3n mensual.<\/p>\n<p style=\"text-align: justify;\">Ejemplo: $ 3 por empleado para empresas con hasta 1000 usuarios; $ 2 por empleado para empresas entre 1.001 y 10000 usuarios.<\/p>\n<p style=\"text-align: justify;\">\u00bfY t\u00fa? \u00bfQu\u00e9 herramientas utilizas para la comunicaci\u00f3n interna de su empresa?<\/p>\n<p style=\"text-align: justify;\">Aqu\u00ed en B2, utilizamos <a href=\"https:\/\/b2midia.com.br\/new\/pt\/comunicacao-corporativa-digital\/#solucoes\">el mural digita<\/a>l para comunicarnos con nuestros empleados. En el tablero puede compartir objetivos de negocio, fotos, cumplea\u00f1os del mes, informaci\u00f3n sobre el entorno de trabajo y celebrar la llegada de nuevos empleados. Tambi\u00e9n utilizamos la aplicaci\u00f3n B2, los desarrolladores tienen la posibilidad de interactuar, hacer publicaciones, disfrutar, compartir y comentar la informaci\u00f3n.<\/p>\n<div id=\"form-formulario-ebook-mural-digital-8adcba692b9300d0f60b\"><\/div>\n<p><script src=\"https:\/\/d335luupugsy2.cloudfront.net\/js\/rd\/stable\/rdforms.min.js\" type=\"text\/javascript\"><\/script><br \/>\n<script type=\"text\/javascript\">\/\/ <![CDATA[ RdForms.createForm('https:\/\/forms.rdstation.com.br\/formulario-ebook-mural-digital-8adcba692b9300d0f60b', 'form-formulario-ebook-mural-digital-8adcba692b9300d0f60b', '100%', '496px'); \/\/ ]]><\/script><\/p>\n","protected":false},"excerpt":{"rendered":"<p>&nbsp; Mark Zuckerberg lanza nueva red social llamada lugar de trabajo para el mundo corporativo\u00a0<\/p>","protected":false},"author":1,"featured_media":19588,"comment_status":"open","ping_status":"open","sticky":false,"template":"","format":"standard","meta":{"_acf_changed":false,"footnotes":""},"categories":[1],"tags":[],"class_list":["post-20861","post","type-post","status-publish","format-standard","has-post-thumbnail","hentry","category-tecnologia"],"acf":[],"_links":{"self":[{"href":"https:\/\/b2midia.com.br\/en\/wp-json\/wp\/v2\/posts\/20861","targetHints":{"allow":["GET"]}}],"collection":[{"href":"https:\/\/b2midia.com.br\/en\/wp-json\/wp\/v2\/posts"}],"about":[{"href":"https:\/\/b2midia.com.br\/en\/wp-json\/wp\/v2\/types\/post"}],"author":[{"embeddable":true,"href":"https:\/\/b2midia.com.br\/en\/wp-json\/wp\/v2\/users\/1"}],"replies":[{"embeddable":true,"href":"https:\/\/b2midia.com.br\/en\/wp-json\/wp\/v2\/comments?post=20861"}],"version-history":[{"count":0,"href":"https:\/\/b2midia.com.br\/en\/wp-json\/wp\/v2\/posts\/20861\/revisions"}],"wp:featuredmedia":[{"embeddable":true,"href":"https:\/\/b2midia.com.br\/en\/wp-json\/wp\/v2\/media\/19588"}],"wp:attachment":[{"href":"https:\/\/b2midia.com.br\/en\/wp-json\/wp\/v2\/media?parent=20861"}],"wp:term":[{"taxonomy":"category","embeddable":true,"href":"https:\/\/b2midia.com.br\/en\/wp-json\/wp\/v2\/categories?post=20861"},{"taxonomy":"post_tag","embeddable":true,"href":"https:\/\/b2midia.com.br\/en\/wp-json\/wp\/v2\/tags?post=20861"}],"curies":[{"name":"wp","href":"https:\/\/api.w.org\/{rel}","templated":true}]}}