{"id":26332,"date":"2022-01-25T10:00:11","date_gmt":"2022-01-25T13:00:11","guid":{"rendered":"https:\/\/b2midia.com.br\/?p=26332"},"modified":"2022-01-25T10:00:11","modified_gmt":"2022-01-25T13:00:11","slug":"e-quanto-a-saude-mental-dos-lideres","status":"publish","type":"post","link":"https:\/\/b2midia.com.br\/en\/e-quanto-a-saude-mental-dos-lideres\/","title":{"rendered":"What about the mental health of leaders?"},"content":{"rendered":"<h2><b>Is it possible to have a healthy team while the leaders themselves are not well psychologically? <span style=\"color: #ffffff;\">mental health<\/span><\/b><\/h2>\n<p><span style=\"font-weight: 400;\">This question unravels a complex scenario where a person of authority in our society, such as a leader, should not demonstrate vulnerability. We were raised to believe that when we cry, for example, we demonstrate weakness, although this is not the case.<span style=\"color: #ffffff;\"> mental health<\/span><\/span><\/p>\n<p><span style=\"font-weight: 400;\">We live in a time where access to information is very fast, which is why topics such as mental health, which were not addressed in the past, are on the rise. Feelings that some had, but did not understand, can now be addressed with the correct treatments. Given this, it is a fact that this topic is delicate, even more so when related to people who \u201cshould\u201d be strong and assertive most of the time.\u00a0\u00a0<\/span><\/p>\n<p><span style=\"font-weight: 400;\">To talk about this more appropriately, we interviewed <a href=\"https:\/\/www.linkedin.com\/in\/luizamurbach\/\" target=\"_blank\" rel=\"noopener\">organizational psychologist Luiza Murbach<\/a>, which says: <\/span><i><span style=\"font-weight: 400;\">\u201cWe were educated to hide our shadows and today we are on a path of re-education for everyone, starting with the leaders, getting to know each other, knowing where the tension tightens, showing that you know your weaknesses is important, since in any case you will encounter these issues in the management of people, there is no way to escape. When a leader demonstrates this to his employees, this bond will naturally flow better, employees will feel free to share a situation in this regard. \u201d<\/span><\/i><\/p>\n<p><span style=\"font-weight: 400;\">\u00a0<\/span><\/p>\n<h2><b>Professional mirrors<\/b><\/h2>\n<p><span style=\"font-weight: 400;\">This lack of concern and\/or lack of attention to mental health is usually disguised as \u201cI don\u2019t have time for that\u201d, but after all, when is there time to take care of yourself? Shouldn&#039;t it be daily? If the manager himself disdains his own well-being and quality of life, what can he expect from his subordinates?<\/span><\/p>\n<p><span style=\"font-weight: 400;\">So what would be the point of talking so little about the health of managers when, with healthy leadership and assertive positions, good performance on the part of employees will be guaranteed? <em>&quot;Insecurity. As I said before, we were educated not to say what we felt, to hide our problems, to leave our private life outside the door, as this was synonymous with weakness, today I see that with the insertion of emotional intelligence in the field of work, leaders They are starting to walk and become familiar with the need to talk about these issues, such as depression and anxiety at work. \u201d<\/em> \u2013 Luiza responds.<\/span><\/p>\n<p><span style=\"font-weight: 400;\">\u00a0<\/span><\/p>\n<h2><b>And with the pandemic\u2026<\/b><\/h2>\n<p><img loading=\"lazy\" decoding=\"async\" class=\"alignnone wp-image-26333 size-full\" src=\"https:\/\/uwex.b2midia.com.br\/wp-content\/uploads\/2023\/07\/BLOG-26.png\" alt=\"sa\u00fade mental\" width=\"1536\" height=\"780\" title=\"\"><\/p>\n<p><span style=\"font-weight: 400;\">O <a href=\"https:\/\/b2midia.com.br\/en\/saiba-mais-sobre-a-sindrome-de-boreout\/\" target=\"_blank\" rel=\"noopener\">burnout<\/a> was also a much researched topic and the rates of this syndrome were rising due to excessive concerns about work, especially at a time when a large part of the population had to make their resting place also their work place due to the <\/span><a href=\"https:\/\/b2midia.com.br\/en\/saiba-mais-sobre-o-home-office\/\"><i><span style=\"font-weight: 400;\">homeoffice<\/span><\/i><\/a><span style=\"font-weight: 400;\">. However, the problem itself is not even working from home, but having experienced this within a chaotic and fatal situation, has left its mark on many people.<\/span><\/p>\n<p><span style=\"font-weight: 400;\">For Murbach, we were all taken by surprise and were psychologically affected by this scenario:<em> \u201cI see that before the pandemic we led a much more hectic and exhausting life, always working excessively. With the pandemic and a scenario of uncertainty and insecurity, we need to adapt our work model and leaders the management model, be more understanding, look at the entire context of employees working from home, losses in the family, in addition to several other factors, many Demands related to mental health emerged at the beginning of the pandemic and during the adaptation process. \u201d<\/em><\/span><\/p>\n<p><span style=\"font-weight: 400;\">\u00a0<\/span><\/p>\n<h2><b>Big roles, big responsibilities<\/b><\/h2>\n<p><span style=\"font-weight: 400;\">How managing people is a very important function, and should it be carried out by people who could at least have the chance and concern to take care of themselves mentally so that the work could be done with more ease and understanding?<\/span><\/p>\n<p><span style=\"font-weight: 400;\">There needs to be a sense of urgency in relation to taking care of the mental health of our leaders, after all we always talk so much about that of our employees, but what&#039;s the point of having paints from the best brands, if the painter is not inspired at that moment?<\/span><\/p>\n<p><span style=\"font-weight: 400;\">When talking about the impacts of management that is or is not concerned with this issue, Luiza considers: <em>\u201cToday we can no longer ignore mental health, if the employee is not mentally stable it will be difficult for them to achieve good results. The team will feel calmer when dealing with issues that often impact their work with leadership that takes this into account. A scenario of trust, partnership, understanding and a true bond is then created, where employees are not afraid to speak up. \u201d<\/em><\/span><\/p>\n<p><span style=\"font-weight: 400;\">For Internal Communication itself to be beautiful and worthwhile, everyone in the environment needs to at least be looking to be healthier. We often see the manager, and he sees himself, as just the person in charge, but the truth is that he influences the organizational environment at least 80% of the time, whether positively or negatively.<\/span><\/p>\n<p><span style=\"font-weight: 400;\">\u00a0<\/span><\/p>\n<h2><b>Health is health <span style=\"color: #ffffff;\">mental health<\/span><\/b><\/h2>\n<p><span style=\"font-weight: 400;\">Taking care of your mental health is a decision that must be made from the inside out, as it is not an easy process. Therefore, it is important that managers recognize this need and seek help even if they already feel well. Managing people, money and projects requires an energetic charge that no human being could achieve alone, even with the highest degree of intelligence.<\/span><\/p>\n<p><span style=\"font-weight: 400;\">To begin this search for a better quality of psychic life, you can:\u00a0<\/span><\/p>\n<ul>\n<li style=\"font-weight: 400;\" aria-level=\"1\"><span style=\"font-weight: 400;\">Take time to rest and reconnect;<\/span><\/li>\n<li style=\"font-weight: 400;\" aria-level=\"1\"><span style=\"font-weight: 400;\">Go in search of some physical exercise that you identify with;<\/span><\/li>\n<li style=\"font-weight: 400;\" aria-level=\"1\"><span style=\"font-weight: 400;\">Actually look for a psychologist or psychiatrist;\u00a0<\/span><\/li>\n<li style=\"font-weight: 400;\" aria-level=\"1\"><span style=\"font-weight: 400;\">Be more sincere with your team, even to bring them closer to your reality;<\/span><\/li>\n<li style=\"font-weight: 400;\" aria-level=\"1\"><span style=\"font-weight: 400;\">Practice your hobbies;<\/span><\/li>\n<\/ul>\n<p><span style=\"font-weight: 400;\">Going a little further than the subject, self-care in every sense is also important, scheduling exams and periodic consultations is a good example of an attitude that is not customary, especially because sometimes a psychic discomfort may be occurring in some way. insufficiency such as vitamins or hormones.<\/span><\/p>\n<p><span style=\"font-weight: 400;\"><em>\u201cA manager who undergoes therapy and is in the process of self-knowledge gets to know himself better, understands his emotions and feelings and <a href=\"https:\/\/worksphere.com.br\/4-dicas-de-comunicacao-para-lideranca\/\" target=\"_blank\" rel=\"noopener\">inevitably replicates this to your team.<\/a> It is very important to advise managers to undergo therapy, this way we will have healthier teams and increasingly understanding managers. \u201c<\/em> \u2013 concludes Murbach.<\/span><\/p>\n<p>The mental health of leaders is a very important issue that should be debated in companies!<\/p>\n<p>&nbsp;<\/p>","protected":false},"excerpt":{"rendered":"<p>\u00c9 poss\u00edvel ter uma equipe saud\u00e1vel enquanto os pr\u00f3prios l\u00edderes n\u00e3o est\u00e3o bem psicologicamente? sa\u00fade mental Essa quest\u00e3o destrincha um cen\u00e1rio complexo onde uma pessoa de autoridade na nossa sociedade, como um l\u00edder, n\u00e3o deve demonstrar vulnerabilidade. Fomos criados acreditando que ao chorar, por exemplo, demonstramos fraqueza sendo que n\u00e3o \u00e9 bem assim. sa\u00fade mental [&hellip;]<\/p>\n","protected":false},"author":1,"featured_media":26337,"comment_status":"closed","ping_status":"closed","sticky":false,"template":"","format":"standard","meta":{"_acf_changed":false,"footnotes":""},"categories":[35,305],"tags":[],"class_list":["post-26332","post","type-post","status-publish","format-standard","has-post-thumbnail","hentry","category-corporativo","category-lideranca"],"acf":[],"_links":{"self":[{"href":"https:\/\/b2midia.com.br\/en\/wp-json\/wp\/v2\/posts\/26332","targetHints":{"allow":["GET"]}}],"collection":[{"href":"https:\/\/b2midia.com.br\/en\/wp-json\/wp\/v2\/posts"}],"about":[{"href":"https:\/\/b2midia.com.br\/en\/wp-json\/wp\/v2\/types\/post"}],"author":[{"embeddable":true,"href":"https:\/\/b2midia.com.br\/en\/wp-json\/wp\/v2\/users\/1"}],"replies":[{"embeddable":true,"href":"https:\/\/b2midia.com.br\/en\/wp-json\/wp\/v2\/comments?post=26332"}],"version-history":[{"count":0,"href":"https:\/\/b2midia.com.br\/en\/wp-json\/wp\/v2\/posts\/26332\/revisions"}],"wp:featuredmedia":[{"embeddable":true,"href":"https:\/\/b2midia.com.br\/en\/wp-json\/wp\/v2\/media\/26337"}],"wp:attachment":[{"href":"https:\/\/b2midia.com.br\/en\/wp-json\/wp\/v2\/media?parent=26332"}],"wp:term":[{"taxonomy":"category","embeddable":true,"href":"https:\/\/b2midia.com.br\/en\/wp-json\/wp\/v2\/categories?post=26332"},{"taxonomy":"post_tag","embeddable":true,"href":"https:\/\/b2midia.com.br\/en\/wp-json\/wp\/v2\/tags?post=26332"}],"curies":[{"name":"wp","href":"https:\/\/api.w.org\/{rel}","templated":true}]}}