{"id":31505,"date":"2024-12-05T06:29:00","date_gmt":"2024-12-05T09:29:00","guid":{"rendered":"https:\/\/b2midia.com.br\/?p=31505"},"modified":"2024-11-25T18:44:00","modified_gmt":"2024-11-25T21:44:00","slug":"visao-estrategica-de-futuro-7-passos","status":"publish","type":"post","link":"https:\/\/b2midia.com.br\/en\/visao-estrategica-de-futuro-7-passos\/","title":{"rendered":"Vis\u00e3o estrat\u00e9gica de futuro: 7 passos para come\u00e7ar"},"content":{"rendered":"<p>O conceito de &#8220;vis\u00e3o estrat\u00e9gica de futuro&#8221; surge como um elemento fundamental para as empresas, especialmente diante dos crescentes desafios de se manterem relevantes e competitivas no mercado.  oferecendo uma perspectiva que vai al\u00e9m da rea\u00e7\u00e3o \u00e0s mudan\u00e7as, para moldar ativamente o pr\u00f3prio destino.<\/p>\n\n\n\n<div class=\"wp-block-rank-math-toc-block\" id=\"rank-math-toc\"><h2>Sum\u00e1rio<\/h2><nav><ul><li><a href=\"#a-importancia-da-visao-estrategica-para-o-futuro\">A Import\u00e2ncia da vis\u00e3o estrat\u00e9gica para o futuro<\/a><\/li><li><a href=\"#comunicacao-interna-como-ferramenta-de-transformacao\">7 Passos para cultivar uma vis\u00e3o estrat\u00e9gica de futuro<\/a><\/li><li><a href=\"#comunicacao-interna-como-ferramenta-de-transformacao-1\">Comunica\u00e7\u00e3o interna \u00e9 uma ferramenta de transforma\u00e7\u00e3o<\/a><\/li><li><a href=\"#conclusao-um-futuro-promissor-esta-ao-seu-alcance\">Existe um futuro promissor Est\u00e1 ao Seu Alcance<\/a><\/li><\/ul><\/nav><\/div>\n\n\n\n<p>Exploraremos como as organiza\u00e7\u00f5es podem se preparar para o futuro seguindo sete passos essenciais.<\/p>\n\n\n\n<h2 class=\"wp-block-heading\" id=\"a-importancia-da-visao-estrategica-para-o-futuro\"><strong>A Import\u00e2ncia da vis\u00e3o estrat\u00e9gica para o futuro<\/strong><\/h2>\n\n\n\n<p>A crescente volatilidade econ\u00f4mica e tecnol\u00f3gica exige que as empresas estejam sempre um passo \u00e0 frente.<\/p>\n\n\n\n<p>Segundo um estudo do Institute For The Future (IFTF), organiza\u00e7\u00f5es que se comprometem com a vis\u00e3o estrat\u00e9gica possuem n\u00e3o s\u00f3 uma vantagem competitiva, mas tamb\u00e9m uma base s\u00f3lida para o sucesso a longo prazo.<\/p>\n\n\n\n<p>Isso porque elas conseguem transformar previs\u00f5es em a\u00e7\u00f5es concretas, evitando surpresas indesejadas e aproveitando novas oportunidades.<\/p>\n\n\n\n<h2 class=\"wp-block-heading\" id=\"comunicacao-interna-como-ferramenta-de-transformacao\"><strong>7 Passos para cultivar uma vis\u00e3o estrat\u00e9gica de futuro<\/strong><\/h2>\n\n\n\n<h3 class=\"wp-block-heading\"><strong>1. Avalie o Seu N\u00edvel Atual<\/strong><\/h3>\n\n\n\n<p>O primeiro passo \u00e9 uma autoavalia\u00e7\u00e3o honesta do qu\u00e3o preparados est\u00e3o a empresa e sua equipe para enfrentar mudan\u00e7as. Isso pode incluir a avalia\u00e7\u00e3o das iniciativas atuais e do qu\u00e3o integradas est\u00e3o as <a href=\"https:\/\/sothis.com.br\/como-implementar-uma-estrategia-foresight-na-pratica\/\" target=\"_blank\" data-type=\"link\" data-id=\"https:\/\/sothis.com.br\/como-implementar-uma-estrategia-foresight-na-pratica\/\" rel=\"noreferrer noopener\">pr\u00e1ticas de foresight estrat\u00e9gico dentro da organiza\u00e7\u00e3o<\/a>. Identificar pontos fortes e lacunas permitir\u00e1 um direcionamento mais eficaz dos esfor\u00e7os e recursos.<\/p>\n\n\n\n<h3 class=\"wp-block-heading\"><strong>2. Desenvolva a Habilidade de Vis\u00e3o Estrat\u00e9gica<\/strong><\/h3>\n\n\n\n<p>A vis\u00e3o estrat\u00e9gica precisa ser vista como uma habilidade central da organiza\u00e7\u00e3o. Montar um time diversificado, incluindo conselheiros, analistas e facilitadores de comunidade, pode ajudar a incorporar essa habilidade \u00e0 cultura da empresa. Esses indiv\u00edduos ser\u00e3o respons\u00e1veis por interpretar as informa\u00e7\u00f5es do mercado e tra\u00e7ar o rumo futuro da organiza\u00e7\u00e3o.<\/p>\n\n\n\n<h3 class=\"wp-block-heading\"><strong>3. Comunicar e Promover a Cultura do Futuro<\/strong><\/h3>\n\n\n\n<p>Como demonstrado pela pesquisa \u2018Corporate Foresight and its Impact on Firm Performance&#8217;, de Ren\u00e9 Rohrbeck, organiza\u00e7\u00f5es com vis\u00e3o estrat\u00e9gica n\u00e3o s\u00f3 se beneficiam financeiramente, mas tamb\u00e9m atraem talentos e investimentos. Comunicar esta vis\u00e3o aos stakeholders \u00e9 essencial para criar um ambiente de confian\u00e7a e compromisso com o futuro.<\/p>\n\n\n\n<h3 class=\"wp-block-heading\"><strong>4. Pratique o Pensamento de Longo Prazo<\/strong><\/h3>\n\n\n\n<p>\u00c9 vital que as empresas n\u00e3o se concentrem apenas no curto prazo. Imaginar e praticar cen\u00e1rios futuros ajuda a preparar a organiza\u00e7\u00e3o para diferentes possibilidades. Analisar &#8220;sinais de mudan\u00e7a&#8221; permite que as empresas se adaptem rapidamente e de forma decisiva quando novas tend\u00eancias emergem.<\/p>\n\n\n\n<h3 class=\"wp-block-heading\"><strong>5. Selecione o Futuro Desejado<\/strong><\/h3>\n\n\n\n<p>Identificar o futuro preferido e tomar medidas concretas para alcan\u00e7\u00e1-lo \u00e9 crucial. Isso pode envolver a escolha de um caminho estrat\u00e9gico que se alinhe aos valores da empresa, como a colabora\u00e7\u00e3o ou a sustentabilidade. \u00c9 importante que as decis\u00f5es tomadas hoje sejam coerentes com a vis\u00e3o que se deseja realizar amanh\u00e3.<\/p>\n\n\n\n<h3 class=\"wp-block-heading\"><strong>6. Mapeie Planos de A\u00e7\u00e3o<\/strong><\/h3>\n\n\n\n<p>Planos de a\u00e7\u00e3o flex\u00edveis s\u00e3o essenciais para navegar em um ambiente de incerteza. Criar diferentes caminhos para alcan\u00e7ar o futuro desejado permite \u00e0 organiza\u00e7\u00e3o se ajustar \u00e0s mudan\u00e7as inevit\u00e1veis em seu percurso, maximizando as chances de sucesso.<\/p>\n\n\n\n<h3 class=\"wp-block-heading\"><strong>7. Persista com Consist\u00eancia<\/strong><\/h3>\n\n\n\n<p>Finalmente, a persist\u00eancia \u00e9 fundamental. A vis\u00e3o estrat\u00e9gica deve ser incorporada como um pilar organizacional. Isso requer consist\u00eancia em pr\u00e1ticas culturais que sustentam a prepara\u00e7\u00e3o cont\u00ednua e a adapta\u00e7\u00e3o diante das mudan\u00e7as.<\/p>\n\n\n\n<h2 class=\"wp-block-heading\" id=\"comunicacao-interna-como-ferramenta-de-transformacao-1\"><strong>Comunica\u00e7\u00e3o interna \u00e9 uma ferramenta de transforma\u00e7\u00e3o<\/strong><\/h2>\n\n\n\n<p>A comunica\u00e7\u00e3o interna desempenha papel de distribuir informa\u00e7\u00f5es de maneira eficaz, consistente e ajuda a moldar a cultura organizacional em torno dessa vis\u00e3o estrat\u00e9gica de futuro.<\/p>\n\n\n\n<p>A comunica\u00e7\u00e3o n\u00e3o apenas garante que todos os membros entendam a dire\u00e7\u00e3o em que a empresa se move, mas tamb\u00e9m promove o alinhamento necess\u00e1rio para executar estrat\u00e9gias de sucesso.<\/p>\n\n\n\n<h3 class=\"wp-block-heading\">Utilizando a TV Corporativa para disseminar a vis\u00e3o estrat\u00e9gica de futuro<\/h3>\n\n\n\n<p>A TV Corporativa se destaca como uma plataforma altamente eficaz para transmitir mensagens estrat\u00e9gicas de forma ampla e envolvente. Com sua capacidade de apresentar conte\u00fados visuais din\u00e2micos, ela favorece o engajamento dos colaboradores, tornando a comunica\u00e7\u00e3o mais atraente e impactante.<\/p>\n\n\n\n<p>Atrav\u00e9s de atualiza\u00e7\u00f5es regulares e conte\u00fados inspiradores, a TV Corporativa ajuda a alinhar toda a organiza\u00e7\u00e3o em torno de uma vis\u00e3o compartilhada, refor\u00e7ando os valores e objetivos estrat\u00e9gicos da empresa.<\/p>\n\n\n\n<h3 class=\"wp-block-heading\">O papel do App de Comunica\u00e7\u00e3o Interna<\/h3>\n\n\n\n<p>Complementando a TV Corporativa, o <a href=\"https:\/\/b2midia.com.br\/en\/aplicativo-de-comunicacao-interna\/\" target=\"_blank\" data-type=\"page\" data-id=\"147\" rel=\"noreferrer noopener\">App de Comunica\u00e7\u00e3o Interna<\/a> oferece uma solu\u00e7\u00e3o interativa e acess\u00edvel que conecta os colaboradores em qualquer lugar e a qualquer momento.<\/p>\n\n\n\n<p>Este aplicativo facilita o acesso a informa\u00e7\u00f5es importantes, como atualiza\u00e7\u00f5es de projetos, oportunidades de desenvolvimento e feedbacks imediatos.<\/p>\n\n\n\n<p>Ao integrar funcionalidades como notifica\u00e7\u00f5es push e canais de comunica\u00e7\u00e3o diretos, o app garante que todos os membros da equipe estejam sempre informados e engajados com a vis\u00e3o estrat\u00e9gica da empresa.<\/p>\n\n\n\n<div class=\"wp-block-media-text has-media-on-the-right is-stacked-on-mobile is-image-fill-element has-white-background-color has-text-color has-background has-link-color wp-elements-323ff3cb33a100b07bb71bf63e5ff851\" style=\"color:#40a55a\"><div class=\"wp-block-media-text__content\">\n<h3 class=\"wp-block-heading\" id=\"conheca-a-tv-corporativa-b-2-midia\">Conhe\u00e7a a App de Comunica\u00e7\u00e3o Interna da B2 M\u00eddia<\/h3>\n\n\n\n<p>Uma solu\u00e7\u00e3o comunica\u00e7\u00e3o r\u00e1pida e eficaz muda o jogo do engajamento para os seus colaboradores.<\/p>\n\n\n\n<div class=\"wp-block-buttons is-content-justification-left is-layout-flex wp-container-core-buttons-is-layout-fdcfc74e wp-block-buttons-is-layout-flex\">\n<div class=\"wp-block-button has-custom-width wp-block-button__width-100 has-custom-font-size is-style-outline has-medium-font-size is-style-outline--1\"><a class=\"wp-block-button__link has-white-background-color has-text-color has-background has-link-color has-text-align-center wp-element-button\" href=\"https:\/\/b2midia.com.br\/en\/aplicativo-de-comunicacao-interna\/\" style=\"color:#40a55a\" target=\"_blank\" rel=\"noreferrer noopener\"><strong>Conhe\u00e7a Agora<\/strong><\/a><\/div>\n<\/div>\n<\/div><figure class=\"wp-block-media-text__media\"><img loading=\"lazy\" decoding=\"async\" width=\"600\" height=\"400\" src=\"https:\/\/b2midia.com.br\/wp-content\/uploads\/2024\/11\/02-plataforma.jpg\" alt=\"Colaboradora usando o app de comunica\u00e7\u00e3o interna B2 M\u00eddia.\" class=\"wp-image-31529 size-full\" style=\"object-position:50% 50%\" title=\"\" srcset=\"https:\/\/b2midia.com.br\/wp-content\/uploads\/2024\/11\/02-plataforma.jpg 600w, https:\/\/b2midia.com.br\/wp-content\/uploads\/2024\/11\/02-plataforma-300x200.jpg 300w, https:\/\/b2midia.com.br\/wp-content\/uploads\/2024\/11\/02-plataforma-18x12.jpg 18w\" sizes=\"auto, (max-width: 600px) 100vw, 600px\" \/><\/figure><\/div>\n\n\n\n<h3 class=\"wp-block-heading\">Sinergia entre TV Corporativa e App de Comunica\u00e7\u00e3o Interna<\/h3>\n\n\n\n<p>A combina\u00e7\u00e3o da TV Corporativa com o App de Comunica\u00e7\u00e3o Interna cria um ecossistema de comunica\u00e7\u00e3o robusto e integrado. Enquanto a TV Corporativa captura a aten\u00e7\u00e3o com conte\u00fados visuais e mensagens inspiradoras, o aplicativo oferece a personaliza\u00e7\u00e3o e interatividade necess\u00e1rias para um engajamento cont\u00ednuo.<\/p>\n\n\n\n<p>Juntas, essas ferramentas n\u00e3o apenas promovem a dissemina\u00e7\u00e3o eficaz da vis\u00e3o estrat\u00e9gica, mas tamb\u00e9m fortalecem a cultura organizacional, incentivando um ambiente colaborativo e alinhado com os objetivos de longo prazo da empresa.<\/p>\n\n\n\n<p>Ao adotar essas tecnologias, as organiza\u00e7\u00f5es podem transformar sua comunica\u00e7\u00e3o interna em um motor de inova\u00e7\u00e3o e crescimento, assegurando que todos os colaboradores estejam n\u00e3o apenas informados, mas tamb\u00e9m motivados a contribuir para o sucesso coletivo.<\/p>\n\n\n\n<p><\/p>\n\n\n\n<h2 class=\"wp-block-heading\" id=\"conclusao-um-futuro-promissor-esta-ao-seu-alcance\"><strong>Existe um futuro promissor Est\u00e1 ao Seu Alcance<\/strong><\/h2>\n\n\n\n<p>Adotar uma vis\u00e3o estrat\u00e9gica de futuro n\u00e3o \u00e9 apenas uma decis\u00e3o pr\u00f3-ativa, mas tamb\u00e9m uma necessidade em um mundo em transforma\u00e7\u00e3o. Ao seguir os passos delineados e utilizar ferramentas como comunica\u00e7\u00e3o interna e TV Corporativa, as organiza\u00e7\u00f5es podem garantir que estejam n\u00e3o apenas se adaptando, mas liderando a transforma\u00e7\u00e3o em seus mercados.&nbsp;<\/p>\n\n\n\n<p>Empenhar-se em preparar o caminho para o futuro hoje assegura que as empresas n\u00e3o apenas sobrevivam, mas prosperem em um ambiente em constante evolu\u00e7\u00e3o.<\/p>\n\n\n\n<p>Quer transformar a sua organiza\u00e7\u00e3o para enfrentar o futuro com confian\u00e7a? Comece j\u00e1 a implementar uma vis\u00e3o estrat\u00e9gica que empodere e motive a sua equipe a caminhar junto com a sua vis\u00e3o de futuro.<\/p>","protected":false},"excerpt":{"rendered":"<p>Adote uma vis\u00e3o estrat\u00e9gica de futuro em 7 passos essenciais para garantir o sucesso organizacional a longo prazo e lidere as transforma\u00e7\u00f5es.<\/p>","protected":false},"author":1,"featured_media":31507,"comment_status":"closed","ping_status":"open","sticky":false,"template":"","format":"standard","meta":{"_acf_changed":false,"footnotes":""},"categories":[36],"tags":[],"class_list":["post-31505","post","type-post","status-publish","format-standard","has-post-thumbnail","hentry","category-rh"],"acf":[],"_links":{"self":[{"href":"https:\/\/b2midia.com.br\/en\/wp-json\/wp\/v2\/posts\/31505","targetHints":{"allow":["GET"]}}],"collection":[{"href":"https:\/\/b2midia.com.br\/en\/wp-json\/wp\/v2\/posts"}],"about":[{"href":"https:\/\/b2midia.com.br\/en\/wp-json\/wp\/v2\/types\/post"}],"author":[{"embeddable":true,"href":"https:\/\/b2midia.com.br\/en\/wp-json\/wp\/v2\/users\/1"}],"replies":[{"embeddable":true,"href":"https:\/\/b2midia.com.br\/en\/wp-json\/wp\/v2\/comments?post=31505"}],"version-history":[{"count":3,"href":"https:\/\/b2midia.com.br\/en\/wp-json\/wp\/v2\/posts\/31505\/revisions"}],"predecessor-version":[{"id":31550,"href":"https:\/\/b2midia.com.br\/en\/wp-json\/wp\/v2\/posts\/31505\/revisions\/31550"}],"wp:featuredmedia":[{"embeddable":true,"href":"https:\/\/b2midia.com.br\/en\/wp-json\/wp\/v2\/media\/31507"}],"wp:attachment":[{"href":"https:\/\/b2midia.com.br\/en\/wp-json\/wp\/v2\/media?parent=31505"}],"wp:term":[{"taxonomy":"category","embeddable":true,"href":"https:\/\/b2midia.com.br\/en\/wp-json\/wp\/v2\/categories?post=31505"},{"taxonomy":"post_tag","embeddable":true,"href":"https:\/\/b2midia.com.br\/en\/wp-json\/wp\/v2\/tags?post=31505"}],"curies":[{"name":"wp","href":"https:\/\/api.w.org\/{rel}","templated":true}]}}