{"id":5609,"date":"2020-09-30T10:00:08","date_gmt":"2020-09-30T13:00:08","guid":{"rendered":"https:\/\/b2midia.com.br\/new\/?p=5609"},"modified":"2020-09-30T10:00:08","modified_gmt":"2020-09-30T13:00:08","slug":"dia-da-secretaria","status":"publish","type":"post","link":"https:\/\/b2midia.com.br\/en\/dia-da-secretaria\/","title":{"rendered":"Dia da Secret\u00e1ria | Anima\u00e7\u00e3o"},"content":{"rendered":"<p>&nbsp;<\/p>\n<h2><span style=\"color: #33cccc;\">Saiba como foi criado o Dia da Secret\u00e1ria e baixe a anima\u00e7\u00e3o!<\/span><!--more--><\/h2>\n<p>No dia 30 de setembro \u00e9 comemorado o dia da secret\u00e1ria, Lilian Sholes foi a primeira mulher a datilografar em p\u00fablico. Lilian, era filha de um dos inventores da m\u00e1quina de escrever, Christopher Sholes, e fazia anivers\u00e1rio no dia 30 de setembro de 1850.<\/p>\n<p>No centen\u00e1rio de seu nascimento, as empresas fabricantes de m\u00e1quinas de escrever fizeram comemora\u00e7\u00f5es e concursos para eleger a melhor datil\u00f3grafa. Muitas secret\u00e1rias participaram do concurso, que passou a ser repetido todos os anos, no dia 30 de setembro e assim surgiu o \u201cDia da Secret\u00e1ria\u201d. Em S\u00e3o Paulo, o dia da Secret\u00e1ria foi decretado pela lei n\u00ba 1.421, em 26 de outubro de 1977.<\/p>\n<p>Muito bacana essa hist\u00f3ria, n\u00e3o \u00e9 mesmo? Mostre o reconhecimento pelas secret\u00e1rias da sua empresa, baixe gratuitamente e compartilhe nos canais a anima\u00e7\u00e3o que preparamos especialmente para a data no formul\u00e1rio abaixo \ud83d\ude42<\/p>\n<p><iframe loading=\"lazy\" title=\"Anima\u00e7\u00e3o | Dia da Secret\u00e1ria\" width=\"500\" height=\"281\" src=\"https:\/\/www.youtube.com\/embed\/swCYc8aApK8?feature=oembed\" frameborder=\"0\" allow=\"accelerometer; autoplay; clipboard-write; encrypted-media; gyroscope; picture-in-picture; web-share\" referrerpolicy=\"strict-origin-when-cross-origin\" allowfullscreen><\/iframe><\/p>\n<p><em>*Para os clientes B2 M\u00eddia, a anima\u00e7\u00e3o j\u00e1 est\u00e1 dispon\u00edvel em \\VDS Gallery\\Videos\\V\u00eddeos&amp;Anima\u00e7\u00f5es.<\/em><\/p>\n<p>&nbsp;<\/p>\n<p><iframe loading=\"lazy\" style=\"background: none; border: none;\" src=\"https:\/\/app.lahar.com.br\/formularios-externos\/acessa\/diadasecretaria-aXI4cqxyxynvKyRUJZeCL8Nr38hcSsNJBC\" name=\"iframe_formex_lahar\" width=\"100%\" height=\"660px\" frameborder=\"0\">Your browser does not support iframes.<\/iframe><\/p>","protected":false},"excerpt":{"rendered":"<p>&nbsp; Saiba como foi criado o Dia da Secret\u00e1ria e baixe a anima\u00e7\u00e3o!<\/p>","protected":false},"author":1,"featured_media":18601,"comment_status":"closed","ping_status":"closed","sticky":false,"template":"","format":"standard","meta":{"_acf_changed":false,"footnotes":""},"categories":[36,37],"tags":[306,307,308,309],"class_list":["post-5609","post","type-post","status-publish","format-standard","has-post-thumbnail","hentry","category-rh","category-videos-animacoes","tag-data","tag-data-comemorativa","tag-dia-da-secretaria","tag-secretaria"],"acf":[],"_links":{"self":[{"href":"https:\/\/b2midia.com.br\/en\/wp-json\/wp\/v2\/posts\/5609","targetHints":{"allow":["GET"]}}],"collection":[{"href":"https:\/\/b2midia.com.br\/en\/wp-json\/wp\/v2\/posts"}],"about":[{"href":"https:\/\/b2midia.com.br\/en\/wp-json\/wp\/v2\/types\/post"}],"author":[{"embeddable":true,"href":"https:\/\/b2midia.com.br\/en\/wp-json\/wp\/v2\/users\/1"}],"replies":[{"embeddable":true,"href":"https:\/\/b2midia.com.br\/en\/wp-json\/wp\/v2\/comments?post=5609"}],"version-history":[{"count":0,"href":"https:\/\/b2midia.com.br\/en\/wp-json\/wp\/v2\/posts\/5609\/revisions"}],"wp:featuredmedia":[{"embeddable":true,"href":"https:\/\/b2midia.com.br\/en\/wp-json\/wp\/v2\/media\/18601"}],"wp:attachment":[{"href":"https:\/\/b2midia.com.br\/en\/wp-json\/wp\/v2\/media?parent=5609"}],"wp:term":[{"taxonomy":"category","embeddable":true,"href":"https:\/\/b2midia.com.br\/en\/wp-json\/wp\/v2\/categories?post=5609"},{"taxonomy":"post_tag","embeddable":true,"href":"https:\/\/b2midia.com.br\/en\/wp-json\/wp\/v2\/tags?post=5609"}],"curies":[{"name":"wp","href":"https:\/\/api.w.org\/{rel}","templated":true}]}}