{"id":7439,"date":"2020-03-03T08:50:29","date_gmt":"2020-03-03T11:50:29","guid":{"rendered":"https:\/\/b2midia.com.br\/new\/?p=7439"},"modified":"2020-03-03T08:50:29","modified_gmt":"2020-03-03T11:50:29","slug":"animacao-dia-internacional-da-mulher","status":"publish","type":"post","link":"https:\/\/b2midia.com.br\/en\/animacao-dia-internacional-da-mulher\/","title":{"rendered":"Anima\u00e7\u00e3o | Dia Internacional da Mulher"},"content":{"rendered":"<h2><span style=\"color: #99cc00;\">Compartilhe a anima\u00e7\u00e3o do Dia Internacional da Mulher!<\/span><\/h2>\n<p><!--more--><\/p>\n<p>Todos os dias s\u00e3o delas, mas, 08 de mar\u00e7o \u00e9 oficialmente o <a href=\"https:\/\/b2midia.com.br\/en\/dia-das-mulheres-na-empresa\/\" target=\"_blank\" rel=\"noopener noreferrer\">Dia Internacional da Mulher.<\/a> Com certeza sua empresa n\u00e3o deixa a data passar em branco, n\u00e3o \u00e9 mesmo?! Ent\u00e3o aproveite e insira nas a\u00e7\u00f5es, a anima\u00e7\u00e3o que produzimos. Voc\u00ea pode compartilhar na <a href=\"https:\/\/b2midia.com.br\/en\/categoria\/corporativa\/?solucao_id=16047\" target=\"_blank\" rel=\"noopener noreferrer\">Corporate TV<\/a> or in <a href=\"http:\/\/worksphere.com.br\/\" target=\"_blank\" rel=\"noopener noreferrer\">application<\/a>, por exemplo.<\/p>\n<p><iframe loading=\"lazy\" title=\"Anima\u00e7\u00e3o | Dia Internacional da Mulher\" width=\"500\" height=\"281\" src=\"https:\/\/www.youtube.com\/embed\/AS1tWaAQiXQ?feature=oembed\" frameborder=\"0\" allow=\"accelerometer; autoplay; clipboard-write; encrypted-media; gyroscope; picture-in-picture; web-share\" referrerpolicy=\"strict-origin-when-cross-origin\" allowfullscreen><\/iframe><\/p>\n<p><iframe loading=\"lazy\" style=\"background: none; border: none;\" src=\"https:\/\/forms.lahar.com.br\/formularios-externos\/acessa\/animacaodiadamulher-U8zpxgsFc6YVtEyzgya87rMLlL341O\" name=\"iframe_formex_lahar\" width=\"100%\" height=\"660px\" frameborder=\"0\">Your browser does not support iframes.<\/iframe><\/p>\n<p>Confira todos os nossos v\u00eddeos e anima\u00e7\u00f5es <a href=\"https:\/\/b2midia.com.br\/en\/category\/videos-animacoes\/\" target=\"_blank\" rel=\"noopener noreferrer\">neste link.\u00a0<\/a> Precisa de uma anima\u00e7\u00e3o personalizada para sua empresa? Nos contate!<\/p>\n<p>&nbsp;<\/p>\n<p>&nbsp;<\/p>","protected":false},"excerpt":{"rendered":"<p>Compartilhe a anima\u00e7\u00e3o do Dia Internacional da Mulher!<\/p>","protected":false},"author":1,"featured_media":22275,"comment_status":"closed","ping_status":"closed","sticky":false,"template":"","format":"standard","meta":{"_acf_changed":false,"footnotes":""},"categories":[297,37],"tags":[],"class_list":["post-7439","post","type-post","status-publish","format-standard","has-post-thumbnail","hentry","category-tv-corporativa","category-videos-animacoes"],"acf":[],"_links":{"self":[{"href":"https:\/\/b2midia.com.br\/en\/wp-json\/wp\/v2\/posts\/7439","targetHints":{"allow":["GET"]}}],"collection":[{"href":"https:\/\/b2midia.com.br\/en\/wp-json\/wp\/v2\/posts"}],"about":[{"href":"https:\/\/b2midia.com.br\/en\/wp-json\/wp\/v2\/types\/post"}],"author":[{"embeddable":true,"href":"https:\/\/b2midia.com.br\/en\/wp-json\/wp\/v2\/users\/1"}],"replies":[{"embeddable":true,"href":"https:\/\/b2midia.com.br\/en\/wp-json\/wp\/v2\/comments?post=7439"}],"version-history":[{"count":0,"href":"https:\/\/b2midia.com.br\/en\/wp-json\/wp\/v2\/posts\/7439\/revisions"}],"wp:featuredmedia":[{"embeddable":true,"href":"https:\/\/b2midia.com.br\/en\/wp-json\/wp\/v2\/media\/22275"}],"wp:attachment":[{"href":"https:\/\/b2midia.com.br\/en\/wp-json\/wp\/v2\/media?parent=7439"}],"wp:term":[{"taxonomy":"category","embeddable":true,"href":"https:\/\/b2midia.com.br\/en\/wp-json\/wp\/v2\/categories?post=7439"},{"taxonomy":"post_tag","embeddable":true,"href":"https:\/\/b2midia.com.br\/en\/wp-json\/wp\/v2\/tags?post=7439"}],"curies":[{"name":"wp","href":"https:\/\/api.w.org\/{rel}","templated":true}]}}