{"id":16137,"date":"2020-02-03T14:41:04","date_gmt":"2020-02-03T17:41:04","guid":{"rendered":"https:\/\/b2midia.com.br\/?p=16137"},"modified":"2020-02-03T14:41:04","modified_gmt":"2020-02-03T17:41:04","slug":"animacao-combate-ao-cancer","status":"publish","type":"post","link":"https:\/\/b2midia.com.br\/es\/animacao-combate-ao-cancer\/","title":{"rendered":"Anima\u00e7\u00e3o | Dia Mundial do Combate ao C\u00e2ncer"},"content":{"rendered":"<h3>De acordo com o INCA, 600 mil novos casos s\u00e3o registrados todo ano.<\/h3>\n<p>Refor\u00e7ar a import\u00e2ncia de conscientizar a popula\u00e7\u00e3o sobre a doen\u00e7a e incentivar os exames \u00e9 sempre necess\u00e1rio, e \u00e9 por isso que no dia 4 de fevereiro \u00e9 o Dia Mundial do Combate ao C\u00e2ncer. Por isso, n\u00e3o deixe de compartilhar essa anima\u00e7\u00e3o nos canais de comunica\u00e7\u00e3o da empresa e motivar os colaboradores a adquirirem mais informa\u00e7\u00f5es.<\/p>\n<p>&nbsp;<\/p>\n<p><iframe loading=\"lazy\" title=\"Anima\u00e7\u00e3o | Dia Mundial do Combate ao C\u00e2ncer\" width=\"500\" height=\"281\" src=\"https:\/\/www.youtube.com\/embed\/2uMR0W9fAlU?feature=oembed\" frameborder=\"0\" allow=\"accelerometer; autoplay; clipboard-write; encrypted-media; gyroscope; picture-in-picture; web-share\" referrerpolicy=\"strict-origin-when-cross-origin\" allowfullscreen><\/iframe><\/p>\n<p>&nbsp;<\/p>\n<p><iframe loading=\"lazy\" style=\"background: none; border: none;\" src=\"https:\/\/forms.lahar.com.br\/formularios-externos\/acessa\/animacaodiamundialdocombateaoc-YI2j4MYrdsuLb9v9TI9\" name=\"iframe_formex_lahar\" width=\"100%\" height=\"660px\" frameborder=\"0\">Su navegador no soporta iframes.<\/iframe><\/p>","protected":false},"excerpt":{"rendered":"<p>De acordo com o INCA, 600 mil novos casos s\u00e3o registrados todo ano. Refor\u00e7ar a import\u00e2ncia de conscientizar a popula\u00e7\u00e3o sobre a doen\u00e7a e incentivar os exames \u00e9 sempre necess\u00e1rio, e \u00e9 por isso que no dia 4 de fevereiro \u00e9 o Dia Mundial do Combate ao C\u00e2ncer. Por isso, n\u00e3o deixe de compartilhar essa [&hellip;]<\/p>\n","protected":false},"author":1,"featured_media":21969,"comment_status":"closed","ping_status":"closed","sticky":false,"template":"","format":"standard","meta":{"_acf_changed":false,"footnotes":""},"categories":[35,37],"tags":[],"class_list":["post-16137","post","type-post","status-publish","format-standard","has-post-thumbnail","hentry","category-corporativo","category-videos-animacoes"],"acf":[],"_links":{"self":[{"href":"https:\/\/b2midia.com.br\/es\/wp-json\/wp\/v2\/posts\/16137","targetHints":{"allow":["GET"]}}],"collection":[{"href":"https:\/\/b2midia.com.br\/es\/wp-json\/wp\/v2\/posts"}],"about":[{"href":"https:\/\/b2midia.com.br\/es\/wp-json\/wp\/v2\/types\/post"}],"author":[{"embeddable":true,"href":"https:\/\/b2midia.com.br\/es\/wp-json\/wp\/v2\/users\/1"}],"replies":[{"embeddable":true,"href":"https:\/\/b2midia.com.br\/es\/wp-json\/wp\/v2\/comments?post=16137"}],"version-history":[{"count":0,"href":"https:\/\/b2midia.com.br\/es\/wp-json\/wp\/v2\/posts\/16137\/revisions"}],"wp:featuredmedia":[{"embeddable":true,"href":"https:\/\/b2midia.com.br\/es\/wp-json\/wp\/v2\/media\/21969"}],"wp:attachment":[{"href":"https:\/\/b2midia.com.br\/es\/wp-json\/wp\/v2\/media?parent=16137"}],"wp:term":[{"taxonomy":"category","embeddable":true,"href":"https:\/\/b2midia.com.br\/es\/wp-json\/wp\/v2\/categories?post=16137"},{"taxonomy":"post_tag","embeddable":true,"href":"https:\/\/b2midia.com.br\/es\/wp-json\/wp\/v2\/tags?post=16137"}],"curies":[{"name":"wp","href":"https:\/\/api.w.org\/{rel}","templated":true}]}}