{"id":20933,"date":"2020-01-09T20:26:41","date_gmt":"2020-01-09T23:26:41","guid":{"rendered":"https:\/\/b2midia.com.br\/?p=20933"},"modified":"2020-01-09T20:26:41","modified_gmt":"2020-01-09T23:26:41","slug":"3-0-gestion-como-cambia-la-forma-de-plomo-esta-plantilla","status":"publish","type":"post","link":"https:\/\/b2midia.com.br\/es\/3-0-gestion-como-cambia-la-forma-de-plomo-esta-plantilla\/","title":{"rendered":"3.0 gesti\u00f3n: C\u00f3mo cambia la forma de plomo esta plantilla"},"content":{"rendered":"<p>&nbsp;<\/p>\n<h2><em>El modelo de gesti\u00f3n 3.0 redefine el concepto de liderazgo\u00a0<\/em><\/h2>\n<p style=\"text-align: justify;\">gesti\u00f3n 3.0 es un movimiento de innovaci\u00f3n en la forma de liderazgo, gesti\u00f3n de equipos y procesos. Este movimiento redefine el concepto de liderazgo y lo transforma en algo m\u00e1s amplio que el control de una tarea sencilla, las demandas y suministros.<!--more--><\/p>\n<p style=\"text-align: justify;\">&#8220;El nuevo modelo de gesti\u00f3n llega a compartir las responsabilidades y conocimiento, trabajando juntos para obtener los mejores resultados mediante el aprovechamiento de las habilidades de los miembros individuales de un equipo determinado mantener la sostenibilidad y la excelencia de los resultados como principal objetivo,&#8221; explica Marcelo Scharra, administrador y Consultor en administraci\u00f3n de interior dise\u00f1o de negocios.<\/p>\n<p style=\"text-align: justify;\">Las startups han gesti\u00f3n 3.0 a la realidad de la empresa, no s\u00f3lo como una herramienta de excelencia, sino como una garant\u00eda de la sostenibilidad en las empresas de construcci\u00f3n y su relaci\u00f3n con la sociedad.<\/p>\n<p style=\"text-align: justify;\">&#8220;Tecnolog\u00eda automatizada procesos, reducido la distancia entre el cliente y el negocio y aument\u00f3 grandemente la velocidad a la que el mercado se convierte. Esta velocidad de transformaci\u00f3n obliga a las empresas la capacidad de adaptaci\u00f3n que se vuelve impracticable con el modelo de gesti\u00f3n tradicional donde los movimientos son lentos y definido acorde con intereses competitivos. comunidades de gesti\u00f3n 3,0 valoran empresas que ahorran recursos, ofrecen buenas soluciones y resolver un problema. En este sentido, la tecnolog\u00eda es la mayor herramienta para reemplazar y desarrollar formas antiguas para administrar el flujo de trabajo, las personas de un equipo particular y la sociedad en su conjunto, &#8220;\u00e9l dice.<\/p>\n<p style=\"text-align: justify;\">El modelo tradicional de gesti\u00f3n sigue siendo muy representativa, una vez que las empresas m\u00e1s grandes fueron desarrolladas de esta manera. Cada vez m\u00e1s, la adopci\u00f3n de un modelo de gesti\u00f3n flexible, a expensas del tradicional modelo lineal, se convierte en un asunto no s\u00f3lo de mejorar sino de supervivencia para las empresas.<\/p>\n<p style=\"text-align: justify;\">Hoy en d\u00eda, el ambiente de trabajo es m\u00e1s valorado y la b\u00fasqueda va m\u00e1s all\u00e1 de la compensaci\u00f3n. Profesionales para plan de carrera, felicidad, bienestar y satisfacci\u00f3n en lo que hace. Este comportamiento interfiere con la norma de gesti\u00f3n burocr\u00e1tico y l\u00edderes son cada vez m\u00e1s conscientes de que este modelo ya no funciona.<\/p>\n<p style=\"text-align: justify;\">&#8220;El papel del l\u00edder en la gesti\u00f3n de 3.0 debe ser un facilitador. Necesita conocer profundamente la empresa, el mercado en que act\u00faa, el p\u00fablico objetivo que desea cumplir y procesos de incluso el potencial de su personal para el trabajo de la Uni\u00f3n de todas las habilidades y recursos disponibles para crear soluciones eficaces y ventajosas para entregar al mercado. En la actualidad, a pesar de ser un concepto nuevo, hay libros y coachin<a href=\"https:\/\/b2midia.com.br\/new\/pt\/voce-sabe-o-que-e-coaching\/\">g cursos<\/a> que ayudan a los l\u00edderes a despertar este tipo de comportamiento en su d\u00eda a d\u00eda, una vez que la administraci\u00f3n 3.0 es un cambio s\u00f3lo del administrador de la actitud acerca de tu equipo, de negocios y sobre todo el mercado, &#8220;dice al consultor.<\/p>\n<p style=\"text-align: justify;\">Una encuesta de la International Stress Management Association, se\u00f1ala que el 72% de los brasile\u00f1os est\u00e1 satisfecho con el trabajo. Los problemas frecuentes son: falta de exceso, problemas de relaci\u00f3n reconocimiento,.<\/p>\n<p style=\"text-align: justify;\">&#8220;La gesti\u00f3n tradicional prioriza el resultado, la rentabilidad de la empresa, la construcci\u00f3n de una marca o un producto con potencial para liderar un mercado. En otras palabras, la vista es desde dentro de la compa\u00f1\u00eda hacia fuera. La compa\u00f1\u00eda pretende introducir su visi\u00f3n y su valor de mercado. 3.0 gesti\u00f3n ya este movimiento es inverso, la gesti\u00f3n prioriza el mercado y sus requisitos, incluyendo empleados de la empresa. Este innovador modelo, a diferencia de la gesti\u00f3n tradicional se estimula la visi\u00f3n de fuera a dentro de la empresa, dando prioridad a la noci\u00f3n de prop\u00f3sito, su raz\u00f3n de ser y los beneficios que el producto o servicio puede generar en la sociedad como un todo, &#8220;\u00e9l dice.<\/p>\n<p style=\"text-align: justify;\">Marcelo Scharra, 3.0 cuenta de gesti\u00f3n no implica as\u00ed los procesos son abordados dentro de la empresa, pero tambi\u00e9n como los colaboradores involucrados ven su contribuci\u00f3n y la Corporaci\u00f3n s\u00ed mismo. &#8220;Las empresas que funcionan de manera diferente que tiene en su declaraci\u00f3n de valor tienden a desalentar a empleados, ya que ven el valor en uso y desean ser parte de algo que llena de orgullo. 3.0 gesti\u00f3n da recursos humanos gesti\u00f3n de la oportunidad de comprometer a los empleados tan profunda y genuinos. Lo mismo ocurre con la direcci\u00f3n de marketing, pero desde la perspectiva del consumidor.\u00a0 En un mundo lleno de dilemas y pol\u00edticas, diplom\u00e1ticas y desaf\u00edos relacionados con el medio ambiente, el marketing contempor\u00e1neo camina en la misma l\u00ednea de administraci\u00f3n 3.0, poniendo en primer lugar, la sostenibilidad y el objetivo &#8220;, subraya.<\/p>\n<p style=\"text-align: justify;\"><strong>Entrevistado<\/strong><\/p>\n<hr \/>\n<p style=\"text-align: justify;\"><a href=\"https:\/\/b2midia.com.br\/new\/wp-content\/uploads\/2016\/09\/Marcelo-Scharra.jpg\"><img loading=\"lazy\" decoding=\"async\" class=\" wp-image-5601 alignleft\" src=\"https:\/\/b2midia.com.br\/new\/wp-content\/uploads\/2016\/09\/Marcelo-Scharra-200x300.jpg\" alt=\"Marcelo scharra\" width=\"157\" height=\"236\" title=\"\"><\/a><\/p>\n<p style=\"text-align: justify; line-height: 115%;\"><b><span style=\"font-family: 'Calibri','sans-serif';\">De y consult<\/span><\/b><span style=\"font-family: 'Calibri','sans-serif';\">or de negocios de Marcelo Scharra de interior dise\u00f1o de negocios. Licenciado en administraci\u00f3n de empresas de la PUC-SP, con una especializaci\u00f3n en finanzas de Insper. El interior es una consultor\u00eda de gesti\u00f3n, que identifica, propone objetivos y ayuda a resolver cuestiones estrat\u00e9gicas, que muestra resultados efectivos a corto plazo. Es tambi\u00e9n profesor y colaborador del centro de emprendimiento de Insper. Fuente calificada para hablar sobre la gesti\u00f3n de negocios y personas, empreendedorismos, micro, peque\u00f1as y medianas empresas y el mercado de lujo.\u00a0<\/span><a href=\"http:\/\/insidebd.com\" target=\"_blank\" rel=\"noopener\"><span style=\"font-family: 'Calibri','sans-serif';\">http:\/\/insidebd.com<\/span><\/a><span style=\"font-family: 'Calibri','sans-serif';\">. <\/span><\/p>\n<div id=\"form-formulario-ebook-mural-digital-8adcba692b9300d0f60b\"><\/div>\n<p><script src=\"https:\/\/d335luupugsy2.cloudfront.net\/js\/rd\/stable\/rdforms.min.js\" type=\"text\/javascript\"><\/script><br \/>\n<script type=\"text\/javascript\">\/\/ <![CDATA[ RdForms.createForm('https:\/\/forms.rdstation.com.br\/formulario-ebook-mural-digital-8adcba692b9300d0f60b', 'form-formulario-ebook-mural-digital-8adcba692b9300d0f60b', '100%', '496px'); \/\/ ]]><\/script><\/p>\n","protected":false},"excerpt":{"rendered":"<p>&nbsp; El modelo de gesti\u00f3n 3.0 redefine el concepto de liderazgo\u00a0 gesti\u00f3n 3.0 es un movimiento de innovaci\u00f3n en la forma de liderazgo, gesti\u00f3n de equipos y procesos. Este movimiento redefine el concepto de liderazgo y lo transforma en algo m\u00e1s amplio que el control de una tarea sencilla, las demandas y suministros.<\/p>","protected":false},"author":1,"featured_media":19618,"comment_status":"open","ping_status":"open","sticky":false,"template":"","format":"standard","meta":{"_acf_changed":false,"footnotes":""},"categories":[1],"tags":[],"class_list":["post-20933","post","type-post","status-publish","format-standard","has-post-thumbnail","hentry","category-tecnologia"],"acf":[],"_links":{"self":[{"href":"https:\/\/b2midia.com.br\/es\/wp-json\/wp\/v2\/posts\/20933","targetHints":{"allow":["GET"]}}],"collection":[{"href":"https:\/\/b2midia.com.br\/es\/wp-json\/wp\/v2\/posts"}],"about":[{"href":"https:\/\/b2midia.com.br\/es\/wp-json\/wp\/v2\/types\/post"}],"author":[{"embeddable":true,"href":"https:\/\/b2midia.com.br\/es\/wp-json\/wp\/v2\/users\/1"}],"replies":[{"embeddable":true,"href":"https:\/\/b2midia.com.br\/es\/wp-json\/wp\/v2\/comments?post=20933"}],"version-history":[{"count":0,"href":"https:\/\/b2midia.com.br\/es\/wp-json\/wp\/v2\/posts\/20933\/revisions"}],"wp:featuredmedia":[{"embeddable":true,"href":"https:\/\/b2midia.com.br\/es\/wp-json\/wp\/v2\/media\/19618"}],"wp:attachment":[{"href":"https:\/\/b2midia.com.br\/es\/wp-json\/wp\/v2\/media?parent=20933"}],"wp:term":[{"taxonomy":"category","embeddable":true,"href":"https:\/\/b2midia.com.br\/es\/wp-json\/wp\/v2\/categories?post=20933"},{"taxonomy":"post_tag","embeddable":true,"href":"https:\/\/b2midia.com.br\/es\/wp-json\/wp\/v2\/tags?post=20933"}],"curies":[{"name":"wp","href":"https:\/\/api.w.org\/{rel}","templated":true}]}}