{"id":22633,"date":"2023-04-19T09:30:08","date_gmt":"2023-04-19T12:30:08","guid":{"rendered":"https:\/\/b2midia.com.br\/?p=22633"},"modified":"2023-04-19T09:30:08","modified_gmt":"2023-04-19T12:30:08","slug":"dia-das-maes-nas-empresas","status":"publish","type":"post","link":"https:\/\/b2midia.com.br\/es\/dia-das-maes-nas-empresas\/","title":{"rendered":"\u00bfC\u00f3mo celebrar el D\u00eda de la Madre en las empresas? | Consejos + animaci\u00f3n gratuita"},"content":{"rendered":"<h3>Consulta este post para conocer algunos consejos sobre c\u00f3mo celebrar una de las fechas m\u00e1s importantes del a\u00f1o dentro de las organizaciones con los consejos y entretenimiento gratuito que brindamos.<\/h3>\n<p>El D\u00eda de la Madre es sin duda una fecha que hay que incluir en el calendario de acciones conmemorativas de tu empresa. Realizar acciones de marketing interno para celebrar esta fecha es la oportunidad perfecta para acercar a los empleados a la empresa, reforzar la cultura organizacional y promover un ambiente agradable.<\/p>\n<p>Adem\u00e1s, tambi\u00e9n es una fecha en la que es posible implicar en las acciones a todos los empleados de la empresa, fortaleciendo la comunicaci\u00f3n interna y aumentando cada vez m\u00e1s el compromiso de los empleados. Simplemente usa tu creatividad e innova. Teniendo esto en cuenta, hemos reunido algunos consejos que puedes poner en pr\u00e1ctica en tu empresa.<\/p>\n<h3>Vea los consejos de acci\u00f3n creativa que le ayudar\u00e1n con esta celebraci\u00f3n:<\/h3>\n<p><img loading=\"lazy\" decoding=\"async\" class=\"alignleft wp-image-24750\" src=\"https:\/\/uwex.b2midia.com.br\/wp-content\/uploads\/2023\/07\/toaster.png\" alt=\"dia das m\u00e3es nas empresas\" width=\"100\" height=\"100\" title=\"\"><strong style=\"color: #e88792;\">Coffee Break especial D\u00eda de la Madre: <\/strong>Realizar un desayuno (o tarde) para los empleados, para que puedan intercambiar experiencias sobre diferentes temas. Reserva temas a tratar durante la conversaci\u00f3n, buscando siempre un ambiente distendido, al fin y al cabo, este momento debe ser divertido para las madres colaboradoras de la empresa. Con la ayuda de <a href=\"https:\/\/worksphere.com.br\/\" target=\"_blank\" rel=\"noopener\">aplicaci\u00f3n corporativa<\/a> Es <a href=\"https:\/\/b2midia.com.br\/es\/categoria\/corporativa\/\" target=\"_blank\" rel=\"noopener\">Televisi\u00f3n corporativa<\/a>, podr\u00e1s dar a conocer informaci\u00f3n del evento.<\/p>\n<p>&nbsp;<\/p>\n<p><img loading=\"lazy\" decoding=\"async\" class=\"alignleft wp-image-24765\" src=\"https:\/\/uwex.b2midia.com.br\/wp-content\/uploads\/2023\/07\/goal-1.png\" alt=\"dia das m\u00e3es nas empresas\" width=\"100\" height=\"100\" title=\"\"><strong style=\"color: #ff475a;\">Desaf\u00edos: <\/strong>Proponer algunos juegos a los empleados puede hacer que todo sea a\u00fan m\u00e1s relajado. Aqu\u00ed tienes algunas opciones: recrea una foto antigua con tus hijos o graba un v\u00eddeo cocinando algo nuevo para mostrar en <a href=\"https:\/\/b2midia.com.br\/es\/categoria\/corporativa\/\" target=\"_blank\" rel=\"noopener\">Televisi\u00f3n corporativa<\/a>(o mural digital). Adem\u00e1s, puede sugerir una encuesta utilizando el <a href=\"https:\/\/worksphere.com.br\/\" target=\"_blank\" rel=\"noopener\">Aplicaci\u00f3n corporativa<\/a> elegir la mejor foto o v\u00eddeo y publicarlo en los canales de Comunicaci\u00f3n Interna.<\/p>\n<p>&nbsp;<\/p>\n<p><img loading=\"lazy\" decoding=\"async\" class=\"alignleft wp-image-24768\" src=\"https:\/\/uwex.b2midia.com.br\/wp-content\/uploads\/2023\/07\/desk.png\" alt=\"dia das m\u00e3es nas empresas\" width=\"100\" height=\"100\" title=\"\"><strong><span style=\"color: #555a66;\">\u201cSer madre en casa es\u2026\u201d <\/span><\/strong>\u00bfQu\u00e9 tal incluir en las acciones a las mam\u00e1s que trabajan en el modelo remoto (o h\u00edbrido)? Env\u00eda esta frase a los colaboradores para que la completen y luego publ\u00edcala en los canales de comunicaci\u00f3n con una foto suya en casa con sus hijos.<\/p>\n<p>&nbsp;<\/p>\n<p><img loading=\"lazy\" decoding=\"async\" class=\"alignleft wp-image-24753\" src=\"https:\/\/uwex.b2midia.com.br\/wp-content\/uploads\/2023\/07\/mother.png\" alt=\"dia das m\u00e3es nas empresas\" width=\"100\" height=\"100\" title=\"\"><strong style=\"color: #cc6d58;\">Mam\u00e1s de empresa: <\/strong>Haz una encuesta con diferentes preguntas sobre tu personalidad, gustos, curiosidades, por ejemplo: \u00bfQu\u00e9 te gusta hacer en tu tiempo libre? \u00bfCu\u00e1l es tu color favorito?\u2026 Es interesante que estas preguntas tengan alternativas para luego perfilar a estas mujeres y mostrar sus gustos comunes en %. Difundir los resultados a trav\u00e9s de los canales de Comunicaci\u00f3n Interna de la empresa. En el <a href=\"https:\/\/worksphere.com.br\/\" target=\"_blank\" rel=\"noopener\">Aplicaci\u00f3n corporativa<\/a>, es posible mostrar respuestas parciales en tiempo real, e incluso compartirlas en <a href=\"https:\/\/b2midia.com.br\/es\/categoria\/corporativa\/\">Televisi\u00f3n corporativa<\/a>.<\/p>\n<p>&nbsp;<\/p>\n<p><img loading=\"lazy\" decoding=\"async\" class=\"alignleft wp-image-24759\" title=\"acciones del d\u00eda de la madre en cuarentena\" src=\"https:\/\/uwex.b2midia.com.br\/wp-content\/uploads\/2023\/07\/voucher-de-presente.png\" alt=\"dia das m\u00e3es nas empresas\" width=\"100\" height=\"100\" \/><strong style=\"color: #14a36d;\">Vale: <\/strong>\u00bfQu\u00e9 tal si les das un regalo a tus empleados? <em>vales<\/em> para plataformas de cine y series, o descuentos por pedir comida rica? Es una gran idea, \u00bfno? Recuerde revisar el <em>presupuesto<\/em> disponible para la acci\u00f3n.<\/p>\n<p>&nbsp;<\/p>\n<p>&nbsp;<\/p>\n<p><img loading=\"lazy\" decoding=\"async\" class=\"a\u00e7\u00f5es de dia das m\u00e3es na quarentena alignleft wp-image-24762\" title=\"acciones del d\u00eda de la madre en cuarentena\" src=\"https:\/\/uwex.b2midia.com.br\/wp-content\/uploads\/2023\/07\/interview.png\" alt=\"dia das m\u00e3es nas empresas\" width=\"100\" height=\"100\" \/><strong style=\"color: #ff7149;\">Anuncios especiales: <\/strong>Crea contenidos diferentes y especiales durante la Semana de la Madre, como recomendaciones de pel\u00edculas y series, consejos de belleza y cuidado personal, recetas especiales, c\u00f3mo celebrarlo en casa... Hay muchas opciones y seguro que a tus colaboradores les encantar\u00e1 ver algo diferente y divertido. en <a href=\"http:\/\/worksphere.com.br\/comunicacao-eficiente-empresas\/\" target=\"_blank\" rel=\"noopener noreferrer\">Canales de comunicaci\u00f3n interna<\/a> de su empresa.<\/p>\n<p>&nbsp;<\/p>\n<h4>\u00bfTe gustaron los consejos? \u00a1No olvides celebrar una fecha tan importante! Muestra a tus colaboradores lo importantes que son. Brindar momentos de diversi\u00f3n es muy importante para fortalecer a\u00fan m\u00e1s la cultura organizacional.<\/h4>\n<p>Creamos una animaci\u00f3n del D\u00eda de la Madre para que la compartas con los empleados. Desc\u00e1rgalo gratis mediante el formulario.<\/p>\n<p>Si ya es cliente nuestro, la animaci\u00f3n est\u00e1 disponible en la biblioteca de contenidos en \\Galer\u00eda VDS\\Videos\\Fecha conmemorativa. Mira a continuaci\u00f3n lo sencillo que es incluirlos en tu lista de reproducci\u00f3n. <a href=\"https:\/\/b2midia.com.br\/es\/categoria\/corporativa\/\" target=\"_blank\" rel=\"noopener\">Televisi\u00f3n corporativa<\/a>:<\/p>\n<div style=\"width: 1920px;\" class=\"wp-video\"><video class=\"wp-video-shortcode\" id=\"video-22633-1\" width=\"1920\" height=\"1080\" preload=\"metadata\" controls=\"controls\"><source type=\"video\/mp4\" src=\"https:\/\/b2midia.com.br\/wp-content\/uploads\/2023\/04\/Design-sem-nome.mp4?_=1\" \/><a href=\"https:\/\/b2midia.com.br\/wp-content\/uploads\/2023\/04\/Design-sem-nome.mp4\">https:\/\/b2midia.com.br\/wp-content\/uploads\/2023\/04\/Design-sem-nome.mp4<\/a><\/video><\/div>\n<p>&nbsp;<\/p>\n<p><iframe loading=\"lazy\" title=\"reproductor de v\u00eddeos de youtube\" src=\"https:\/\/www.youtube.com\/embed\/EJMyW7nYK9Y\" width=\"560\" height=\"315\" frameborder=\"0\" allowfullscreen=\"allowfullscreen\"><\/iframe><\/p>\n<p><iframe loading=\"lazy\" style=\"background: none; border: none;\" title=\"Animaci\u00f3n Formex | D\u00eda de la Madre 2023\" src=\"https:\/\/forms.lahar.com.br\/formularios-externos\/acessa\/animacaodiadasmaes2023-gHPecuPvp2wjFNMsKuPZ1gB77Ef\" name=\"iframe_formex_lahar\" width=\"100%\" height=\"660px\" frameborder=\"0\">Su navegador no soporta iframes.<\/iframe><\/p>\n<hr \/>\n<p>Si a\u00fan no tienes uno <a href=\"https:\/\/b2midia.com.br\/es\/categoria\/corporativa\/\" target=\"_blank\" rel=\"noopener\">Televisi\u00f3n corporativa<\/a> o uno <a href=\"https:\/\/worksphere.com.br\/\" target=\"_blank\" rel=\"noopener\">Aplicaci\u00f3n corporativa<\/a> en tu empresa, o si ya tienes una pero quieres conocer nuestras diferencias, <a href=\"http:\/\/comunica.b2midia.com.br\/pilotomuraldigital\">hable con nosotros<\/a>\u00a0\u00a1Ahora mismo y venga a formar parte del grupo de clientes m\u00e1s satisfechos de Brasil!<\/p>","protected":false},"excerpt":{"rendered":"<p>Confira neste post algumas dicas de como comemorar uma das datas mais importantes do ano dentro das organiza\u00e7\u00f5es com as dicas e anima\u00e7\u00e3o gratuita que disponibilizamos. O Dia das M\u00e3es sem d\u00favida \u00e9 uma data que precisa estar inclusa no calend\u00e1rio de a\u00e7\u00f5es comemorativas da sua empresa. Fazer a\u00e7\u00f5es de endomarketing em comemora\u00e7\u00e3o a essa [&hellip;]<\/p>\n","protected":false},"author":1,"featured_media":27595,"comment_status":"closed","ping_status":"closed","sticky":false,"template":"","format":"standard","meta":{"_acf_changed":false,"footnotes":""},"categories":[35,298,37],"tags":[],"class_list":["post-22633","post","type-post","status-publish","format-standard","has-post-thumbnail","hentry","category-corporativo","category-endomarketing","category-videos-animacoes"],"acf":[],"_links":{"self":[{"href":"https:\/\/b2midia.com.br\/es\/wp-json\/wp\/v2\/posts\/22633","targetHints":{"allow":["GET"]}}],"collection":[{"href":"https:\/\/b2midia.com.br\/es\/wp-json\/wp\/v2\/posts"}],"about":[{"href":"https:\/\/b2midia.com.br\/es\/wp-json\/wp\/v2\/types\/post"}],"author":[{"embeddable":true,"href":"https:\/\/b2midia.com.br\/es\/wp-json\/wp\/v2\/users\/1"}],"replies":[{"embeddable":true,"href":"https:\/\/b2midia.com.br\/es\/wp-json\/wp\/v2\/comments?post=22633"}],"version-history":[{"count":0,"href":"https:\/\/b2midia.com.br\/es\/wp-json\/wp\/v2\/posts\/22633\/revisions"}],"wp:featuredmedia":[{"embeddable":true,"href":"https:\/\/b2midia.com.br\/es\/wp-json\/wp\/v2\/media\/27595"}],"wp:attachment":[{"href":"https:\/\/b2midia.com.br\/es\/wp-json\/wp\/v2\/media?parent=22633"}],"wp:term":[{"taxonomy":"category","embeddable":true,"href":"https:\/\/b2midia.com.br\/es\/wp-json\/wp\/v2\/categories?post=22633"},{"taxonomy":"post_tag","embeddable":true,"href":"https:\/\/b2midia.com.br\/es\/wp-json\/wp\/v2\/tags?post=22633"}],"curies":[{"name":"wp","href":"https:\/\/api.w.org\/{rel}","templated":true}]}}