{"id":23203,"date":"2022-09-22T10:30:41","date_gmt":"2022-09-22T13:30:41","guid":{"rendered":"https:\/\/b2midia.com.br\/?p=23203"},"modified":"2025-03-08T10:22:03","modified_gmt":"2025-03-08T13:22:03","slug":"animacao-empatia-no-trabalho","status":"publish","type":"post","link":"https:\/\/b2midia.com.br\/es\/animacao-empatia-no-trabalho\/","title":{"rendered":"Animaci\u00f3n | empat\u00eda en el trabajo"},"content":{"rendered":"<h2>Practica la empat\u00eda en el lugar de trabajo<\/h2>\n<p>\u00bfC\u00f3mo es tu relaci\u00f3n con tus compa\u00f1eros de equipo? A <a href=\"https:\/\/b2midia.com.br\/es\/poder-da-empatia-no-ambiente-de-trabalho\/\" target=\"_blank\" rel=\"noopener noreferrer\">empat\u00eda<\/a> \u00bfEs una de tus caracter\u00edsticas? Sepa que ser emp\u00e1tico en el trabajo promueve un ambiente m\u00e1s agradable, adem\u00e1s de hacer que otra persona se sienta bien e importante. A continuaci\u00f3n se ofrecen algunos consejos b\u00e1sicos para practicar:<\/p>\n<p><iframe loading=\"lazy\" title=\"Animaci\u00f3n | C\u00f3mo demostrar empat\u00eda en el trabajo\" width=\"500\" height=\"281\" src=\"https:\/\/www.youtube.com\/embed\/7FznW4eJlcU?feature=oembed\" frameborder=\"0\" allow=\"accelerometer; autoplay; clipboard-write; encrypted-media; gyroscope; picture-in-picture; web-share\" referrerpolicy=\"strict-origin-when-cross-origin\" allowfullscreen><\/iframe><\/p>\n<p>&nbsp;<\/p>\n<p><iframe loading=\"lazy\" style=\"background: none; border: none;\" src=\"https:\/\/forms.lahar.com.br\/formularios-externos\/acessa\/empatianotrabalho-7eUkGeBAau559oNVjpXVf2EKUZuzDMve\" name=\"iframe_formex_lahar\" width=\"100%\" height=\"660px\" frameborder=\"0\">Su navegador no soporta iframes.<\/iframe><\/p>","protected":false},"excerpt":{"rendered":"<p>Pratique a empatia no ambiente de trabalho Como est\u00e1 sua rela\u00e7\u00e3o com os colegas de time? A empatia \u00e9 uma de suas caracter\u00edsticas? Saiba que ser emp\u00e1tico no trabalho promove um ambiente mais agrad\u00e1vel, al\u00e9m de voc\u00ea fazer outra pessoa sentir-se bem e importante. Veja algumas dicas b\u00e1sicas para praticar: &nbsp; Seu navegador n\u00e3o possui [&hellip;]<\/p>\n","protected":false},"author":1,"featured_media":27122,"comment_status":"closed","ping_status":"closed","sticky":false,"template":"","format":"standard","meta":{"_acf_changed":false,"footnotes":""},"categories":[37],"tags":[],"class_list":["post-23203","post","type-post","status-publish","format-standard","has-post-thumbnail","hentry","category-videos-animacoes"],"acf":[],"_links":{"self":[{"href":"https:\/\/b2midia.com.br\/es\/wp-json\/wp\/v2\/posts\/23203","targetHints":{"allow":["GET"]}}],"collection":[{"href":"https:\/\/b2midia.com.br\/es\/wp-json\/wp\/v2\/posts"}],"about":[{"href":"https:\/\/b2midia.com.br\/es\/wp-json\/wp\/v2\/types\/post"}],"author":[{"embeddable":true,"href":"https:\/\/b2midia.com.br\/es\/wp-json\/wp\/v2\/users\/1"}],"replies":[{"embeddable":true,"href":"https:\/\/b2midia.com.br\/es\/wp-json\/wp\/v2\/comments?post=23203"}],"version-history":[{"count":1,"href":"https:\/\/b2midia.com.br\/es\/wp-json\/wp\/v2\/posts\/23203\/revisions"}],"predecessor-version":[{"id":31584,"href":"https:\/\/b2midia.com.br\/es\/wp-json\/wp\/v2\/posts\/23203\/revisions\/31584"}],"wp:featuredmedia":[{"embeddable":true,"href":"https:\/\/b2midia.com.br\/es\/wp-json\/wp\/v2\/media\/27122"}],"wp:attachment":[{"href":"https:\/\/b2midia.com.br\/es\/wp-json\/wp\/v2\/media?parent=23203"}],"wp:term":[{"taxonomy":"category","embeddable":true,"href":"https:\/\/b2midia.com.br\/es\/wp-json\/wp\/v2\/categories?post=23203"},{"taxonomy":"post_tag","embeddable":true,"href":"https:\/\/b2midia.com.br\/es\/wp-json\/wp\/v2\/tags?post=23203"}],"curies":[{"name":"wp","href":"https:\/\/api.w.org\/{rel}","templated":true}]}}