{"id":25131,"date":"2021-06-15T13:50:02","date_gmt":"2021-06-15T16:50:02","guid":{"rendered":"https:\/\/b2midia.com.br\/?p=25131"},"modified":"2021-06-15T13:50:02","modified_gmt":"2021-06-15T16:50:02","slug":"autogestao-empresarial","status":"publish","type":"post","link":"https:\/\/b2midia.com.br\/es\/autogestao-empresarial\/","title":{"rendered":"Autogesti\u00f3n en las empresas"},"content":{"rendered":"<h2><span style=\"color: #008000;\"><strong><em>\u00bfC\u00f3mo puede contribuir la CI a la autogesti\u00f3n empresarial?<\/em><\/strong><\/span><\/h2>\n<p>&nbsp;<\/p>\n<p>\u00bfConoce a alguien que cambi\u00f3 de trabajo debido a un jefe t\u00f3xico? \u00bfConoce ese dicho: \u201cEl que puede manda, el que tiene sentido obedece\u201d? Pues bien, estas son algunas de las razones que han llevado a muchas organizaciones a impulsar cambios en la estructura jer\u00e1rquica, a trav\u00e9s de la implementaci\u00f3n de <strong>AUTOGESTI\u00d3N EMPRESARIAL<\/strong>.<\/p>\n<p>Empresas como <a href=\"https:\/\/targetteal.com\/pt\/blog\/o-que-e-autogestao\/#definicao\" target=\"_blank\" rel=\"noopener\">Vacantes, WL Gore, Buurtzorg<\/a> y otras de diferentes segmentos y tama\u00f1os se han adherido a este concepto de gesti\u00f3n horizontal. Pero la autogesti\u00f3n va m\u00e1s all\u00e1 de lo que encontramos en <a href=\"https:\/\/michaelis.uol.com.br\/busca?r=0&amp;f=0&amp;t=0&amp;palavra=autogest%C3%A3o\" target=\"_blank\" rel=\"noopener\">diccionario<\/a>, no se trata s\u00f3lo de la \u201cgesti\u00f3n de una empresa por parte de sus propios empleados y la ausencia del jefe\u201d. Esto es Comando x Control, se trata del intercambio de poder \u201csobre\u201d por poder \u201ccon\u201d.<\/p>\n<p>oh <a href=\"https:\/\/www.mondragon.edu\/es\/investigacion\/cooperativismo\/grupos-investigacion-transferencia\/-\/mu-inv-mapping\/grupo\/instituto-de-estudios-cooperativos-lanki\" target=\"_blank\" rel=\"noopener\">Instituto de Estudios Cooperativos de Mondrag\u00f3n Unibertsitatea<\/a>, ubicado en el Pa\u00eds Vasco, comunidad aut\u00f3noma espa\u00f1ola, define la autogesti\u00f3n en su libro \u201cAutogesti\u00f3n y Globalidad\u201d como la constituci\u00f3n y funcionamiento de instituciones u organizaciones basadas en la autonom\u00eda y capacidad de decisi\u00f3n de los empleados.<\/p>\n<p>Es decir, se trata de una autoridad compartida en la que la empresa no es vista como una m\u00e1quina, sino como un organismo vivo, en constante cambio. \u00bfY los empleados? Ocupan roles estrat\u00e9gicos y no son tratados como engranajes, sino como terminaciones nerviosas capaces de captar percepciones y orientar la organizaci\u00f3n hacia sus objetivos y un mundo mejor.<\/p>\n<p>En este modelo organizacional la autoridad no est\u00e1 centralizada, ya que pretende asegurar que las decisiones se tomen cerca de la realidad, la planificaci\u00f3n se realiza de manera colectiva y cada empleado ocupa su rol de forma aut\u00f3noma y tiene poder de decisi\u00f3n sobre los factores que influyen en sus tareas. Los problemas se resuelven mediante el di\u00e1logo entre los equipos afectados, mediante reglas establecidas colectivamente. Son c\u00e9lulas de trabajo que se complementan en las que todos son autorresponsables y corresponsables.<\/p>\n<p>&nbsp;<\/p>\n<p><img loading=\"lazy\" decoding=\"async\" class=\"wp-image-25141 aligncenter\" src=\"https:\/\/uwex.b2midia.com.br\/wp-content\/uploads\/2023\/07\/Instagram-B2-300x300.png\" alt=\"autogest\u00e3o empresarial\" width=\"118\" height=\"118\" title=\"\"><\/p>\n<p style=\"text-align: center;\"><span style=\"color: #008000;\"><strong>Ventajas de la autogesti\u00f3n<\/strong><\/span><\/p>\n<ul>\n<li>Cuando se habla de beneficios, el <strong>mayor calidad y productividad<\/strong> aparecen en la parte superior de la lista.<\/li>\n<li>En segundo lugar, nos encontramos con la reducci\u00f3n de costes, teniendo en cuenta que se suprimir\u00e1n los enormes salarios de los altos cargos corporativos.<\/li>\n<li>A trav\u00e9s de una mayor autonom\u00eda, el <strong>sentimiento de propiedad<\/strong> se genera en los empleados, ya que democratiza la gesti\u00f3n.<\/li>\n<li>La autogesti\u00f3n empresarial fomenta <strong>desarrollo profesional, proactividad y relaci\u00f3n interpersonal humanizada<\/strong>, ya que cada persona es capaz de comprender las necesidades y l\u00edmites del otro.<\/li>\n<li>Este concepto tambi\u00e9n <strong>proporciona la b\u00fasqueda de la mejora constante<\/strong>, ya que entiende que las opciones no siempre ser\u00e1n perfectas, sino que deben ser m\u00ednimamente efectivas y seguras en el momento oportuno, y deben mejorarse en el futuro.<\/li>\n<\/ul>\n<p>&nbsp;<\/p>\n<p style=\"text-align: center;\"><span style=\"color: #008000;\"><strong>\u00bfQu\u00e9 pasa con las desventajas y los desaf\u00edos?<\/strong><\/span><\/p>\n<ul>\n<li><strong>Tiempo: <\/strong>Cambiar algo tan profundamente arraigado en la mentalidad de las personas no sucede de la noche a la ma\u00f1ana. La implementaci\u00f3n requiere tiempo y paciencia.<\/li>\n<li><strong>Esfuerzos: <\/strong>Los cambios traen resistencia, por lo que es necesario tener mucha perseverancia y energ\u00eda para completar la transici\u00f3n.<\/li>\n<li><strong>Alineaci\u00f3n: <\/strong>El principal desaf\u00edo en la gesti\u00f3n colaborativa es que para lograr el \u00e9xito, todos deben estar alineados y los recursos deben usarse para lograr los mismos objetivos. Todos necesitan estar unidos.<\/li>\n<\/ul>\n<p>&nbsp;<\/p>\n<p style=\"text-align: center;\"><span style=\"color: #008000;\"><strong>Pero \u00bfd\u00f3nde encaja la IC en todo esto?<\/strong><\/span><\/p>\n<p>\u00a0\u00a0\u00a0\u00a0\u00a0\u00a0\u00a0\u00a0\u00a0\u00a0\u00a0 A <a href=\"https:\/\/b2midia.com.br\/es\/4-dicas-para-diminuir-turnover\/\" target=\"_blank\" rel=\"noopener\">CI<\/a> juega un papel fundamental en la autogesti\u00f3n! A trav\u00e9s de canales de comunicaci\u00f3n interna se puede promover la concientizaci\u00f3n, la adherencia y el compromiso.<\/p>\n<p>Es la CI la que permitir\u00e1 a los empleados seguir la nueva misi\u00f3n, visi\u00f3n y valores definidos para la empresa. Vale recordar que en la gesti\u00f3n colaborativa el ruido o las fallas en la comunicaci\u00f3n organizacional pueden provocar enormes p\u00e9rdidas. Una APP Corporativa como <a href=\"https:\/\/worksphere.com.br\/blog-workpshere\/\" target=\"_blank\" rel=\"noopener\">Esfera de trabajo<\/a>, por ejemplo, y el uso de <a href=\"https:\/\/b2midia.com.br\/es\/categoria\/corporativa\/\" target=\"_blank\" rel=\"noopener\">Televisi\u00f3n corporativa<\/a> pueden ser grandes aliados en este proceso.<\/p>\n<p><a href=\"http:\/\/comunica.b2midia.com.br\/pilotoworksphere\" target=\"_blank\" rel=\"noopener\"><img loading=\"lazy\" decoding=\"async\" class=\"wp-image-25136 aligncenter\" src=\"https:\/\/uwex.b2midia.com.br\/wp-content\/uploads\/2023\/07\/Nao-conhecer-a-empresa-1-2-300x142.png\" alt=\"autogest\u00e3o empresarial\" width=\"368\" height=\"174\" title=\"\"><\/a><\/p>","protected":false},"excerpt":{"rendered":"<p>Como a CI pode contribuir para a autogest\u00e3o empresarial? &nbsp; Voc\u00ea conhece algu\u00e9m que trocou de emprego em virtude de um chefe t\u00f3xico? Sabe aquele ditado: \u201cManda quem pode, obedece quem tem ju\u00edzo&#8221;? Pois \u00e9, esses s\u00e3o alguns dos motivos que t\u00eam feito muitas organiza\u00e7\u00f5es promoverem mudan\u00e7as na estrutura hier\u00e1rquica, atrav\u00e9s da implanta\u00e7\u00e3o da AUTOGEST\u00c3O [&hellip;]<\/p>\n","protected":false},"author":1,"featured_media":25132,"comment_status":"closed","ping_status":"closed","sticky":false,"template":"","format":"standard","meta":{"_acf_changed":false,"footnotes":""},"categories":[5,298],"tags":[],"class_list":["post-25131","post","type-post","status-publish","format-standard","has-post-thumbnail","hentry","category-comunicacao-interna","category-endomarketing"],"acf":[],"_links":{"self":[{"href":"https:\/\/b2midia.com.br\/es\/wp-json\/wp\/v2\/posts\/25131","targetHints":{"allow":["GET"]}}],"collection":[{"href":"https:\/\/b2midia.com.br\/es\/wp-json\/wp\/v2\/posts"}],"about":[{"href":"https:\/\/b2midia.com.br\/es\/wp-json\/wp\/v2\/types\/post"}],"author":[{"embeddable":true,"href":"https:\/\/b2midia.com.br\/es\/wp-json\/wp\/v2\/users\/1"}],"replies":[{"embeddable":true,"href":"https:\/\/b2midia.com.br\/es\/wp-json\/wp\/v2\/comments?post=25131"}],"version-history":[{"count":0,"href":"https:\/\/b2midia.com.br\/es\/wp-json\/wp\/v2\/posts\/25131\/revisions"}],"wp:featuredmedia":[{"embeddable":true,"href":"https:\/\/b2midia.com.br\/es\/wp-json\/wp\/v2\/media\/25132"}],"wp:attachment":[{"href":"https:\/\/b2midia.com.br\/es\/wp-json\/wp\/v2\/media?parent=25131"}],"wp:term":[{"taxonomy":"category","embeddable":true,"href":"https:\/\/b2midia.com.br\/es\/wp-json\/wp\/v2\/categories?post=25131"},{"taxonomy":"post_tag","embeddable":true,"href":"https:\/\/b2midia.com.br\/es\/wp-json\/wp\/v2\/tags?post=25131"}],"curies":[{"name":"wp","href":"https:\/\/api.w.org\/{rel}","templated":true}]}}