{"id":25159,"date":"2022-02-08T10:50:21","date_gmt":"2022-02-08T13:50:21","guid":{"rendered":"https:\/\/b2midia.com.br\/?p=25159"},"modified":"2022-02-08T10:50:21","modified_gmt":"2022-02-08T13:50:21","slug":"inclusao-na-comunicacao-interna","status":"publish","type":"post","link":"https:\/\/b2midia.com.br\/es\/inclusao-na-comunicacao-interna\/","title":{"rendered":"Inclusi\u00f3n en la comunicaci\u00f3n interna"},"content":{"rendered":"<h2><span style=\"color: #339966;\"><strong>C\u00f3mo desarrollar una comunicaci\u00f3n interna m\u00e1s inclusiva<\/strong><\/span><\/h2>\n<p>&nbsp;<\/p>\n<p>\u00bfDe qu\u00e9 sirve enviar un mensaje si el contenido no llega o no lo entiende el destinatario? Cuando se trata de comunicaci\u00f3n interna e inclusi\u00f3n, se deben tener en cuenta varios factores. \u00bfAlguna vez te has parado a pensar si el p\u00fablico <a href=\"https:\/\/b2midia.com.br\/es\/pcd-na-empresa-inclusao-e-profissionalismo\/\" target=\"_blank\" rel=\"noopener\">PCD<\/a> \u00bfSe logra a trav\u00e9s de los canales y acciones de CI de su empresa?<\/p>\n<p>Alrededor de 24% de la poblaci\u00f3n reportaron tener alg\u00fan grado de dificultad (cognitiva, visual, auditiva o motora), seg\u00fan el Censo 2010, realizado por <u><a href=\"https:\/\/www.ibge.gov.br\/estatisticas\/sociais\/populacao\/9662-censo-demografico-2010.html?edicao=9749&amp;t=destaques\" target=\"_blank\" rel=\"noopener\">IBGE<\/a><\/u>. Ellos son <strong>46 millones de brasile\u00f1os con discapacidad<\/strong>. Sin embargo, s\u00f3lo <strong>1%<\/strong> est\u00e1 inserta en el mercado laboral, lo que corresponde a poco m\u00e1s de 400 mil personas, a\u00fan con la <u><a href=\"http:\/\/www.planalto.gov.br\/ccivil_03\/leis\/l8213cons.htm\" target=\"_blank\" rel=\"noopener\">Ley 8213\/9<\/a>1<\/u>, conocida popularmente como Ley de Cuotas para Personas con Discapacidad, existe desde hace 30 a\u00f1os y asegura la contrataci\u00f3n obligatoria de personas con discapacidad para organizaciones con al menos 100 empleados.<\/p>\n<p>Aunque las cifras son abruptamente peque\u00f1as, a\u00fan es necesario tener en cuenta que muchas instituciones lo hacen \u00fanicamente para cumplir con la ley.<\/p>\n<p>Pero el desaf\u00edo no termina ah\u00ed, para la persona con discapacidad que logra ser parte de este 1% aparece otro obst\u00e1culo: lidiar con empresas que no han desarrollado una cultura organizacional.<a href=\"https:\/\/b2midia.com.br\/es\/diversidade-nas-empresas\/\" target=\"_blank\" rel=\"noopener\"> inclusivo.<\/a><\/p>\n<p><a href=\"https:\/\/www2.camara.leg.br\/atividade-legislativa\/comissoes\/comissoes-permanentes\/cpd\/arquivos\/cinthia-ministerio-da-saude\" target=\"_blank\" rel=\"noopener\"><img loading=\"lazy\" decoding=\"async\" class=\"wp-image-25172 aligncenter\" src=\"https:\/\/uwex.b2midia.com.br\/wp-content\/uploads\/2023\/07\/Nao-conhecer-a-empresa-3-1-300x142.png\" alt=\"inclus\u00e3o\" width=\"661\" height=\"313\" title=\"\"><\/a><\/p>\n<p><span style=\"color: #339966;\"><strong>Pero, \u00bfc\u00f3mo utilizar la CI para promover la inclusi\u00f3n dentro de las organizaciones?<\/strong><\/span><\/p>\n<p>&nbsp;<\/p>\n<p><img loading=\"lazy\" decoding=\"async\" class=\"wp-image-25176 aligncenter\" src=\"https:\/\/uwex.b2midia.com.br\/wp-content\/uploads\/2023\/07\/2_49-300x300.png\" alt=\"inclus\u00e3o\" width=\"105\" height=\"105\" title=\"\"><\/p>\n<ol>\n<li><span style=\"color: #339966;\"><strong>Paso: <a style=\"color: #339966;\" href=\"https:\/\/b2midia.com.br\/es\/animacao-empatia-no-trabalho\/\" target=\"_blank\" rel=\"noopener\">Empat\u00eda<\/a><\/strong>.<\/span> Ponerse en los zapatos de los dem\u00e1s es una experiencia fundamental para saber proporcionar un ambiente organizacional m\u00e1s acogedor. Al realizar este ejercicio podemos hacernos una idea de lo dif\u00edcil que es estar en el lugar de quienes nos rodean y, a partir de ello, promover una comunicaci\u00f3n adecuada.<\/li>\n<\/ol>\n<p>&nbsp;<\/p>\n<p><strong> <img loading=\"lazy\" decoding=\"async\" class=\"wp-image-25179 aligncenter\" src=\"https:\/\/uwex.b2midia.com.br\/wp-content\/uploads\/2023\/07\/2_50-300x300.png\" alt=\"inclus\u00e3o\" width=\"127\" height=\"127\" title=\"\"><\/strong><\/p>\n<ol start=\"2\">\n<li><span style=\"color: #339966;\"><strong>Paso: Conciencia. <\/strong><\/span>Piense en las acciones que el equipo de CI puede tomar para crear conciencia e instruir a otros empleados a relacionarse y comunicarse con colegas con discapacidad de manera inclusiva. Deconstruir prejuicios, promover campa\u00f1as y publicitar a trav\u00e9s de redes sociales internas. Aqu\u00ed en B2, por ejemplo, utilizamos herramientas como la TV y la App Corporativa.<\/li>\n<\/ol>\n<p><em>\u201c<\/em><em>Los veh\u00edculos de audio y v\u00eddeo son los m\u00e1s democr\u00e1ticos a la hora de transmitir mensajes a los empleados. La TV corporativa sigue siendo la mejor opci\u00f3n para las plantas operativas. Permite el uso de animaciones sin palabras e incluso audio, haciendo posible que incluso personas analfabetas entiendan el mensaje\u201d, <\/em>explica Ana Carolina Caminha, especialista en Comunicaci\u00f3n Interna.<\/p>\n<p><strong>\u00a0<\/strong><\/p>\n<p><strong> <img loading=\"lazy\" decoding=\"async\" class=\"wp-image-25182 aligncenter\" src=\"https:\/\/uwex.b2midia.com.br\/wp-content\/uploads\/2023\/07\/51-300x300.png\" alt=\"inclus\u00e3o\" width=\"131\" height=\"131\" title=\"\"><\/strong><\/p>\n<ol start=\"3\">\n<li><span style=\"color: #339966;\"><strong>Paso: Comunicar. <\/strong><\/span>Es sumamente importante que el contenido desarrollado por el equipo de CI llegue tambi\u00e9n a los empleados con discapacidad. A la hora de producir contenidos, es fundamental preguntarse:<\/li>\n<\/ol>\n<p><strong>\u00a0<\/strong><\/p>\n<p>\u00bfQu\u00e9 dir\u00e9? \u00bfPodr\u00e1n recibir mi mensaje los empleados con diferentes tipos de discapacidad? Cuando lo recibas, \u00bfpodr\u00e1s decodificarlo? \u00bfHay alg\u00fan ruido en mi proceso de comunicaci\u00f3n?<\/p>\n<p>&nbsp;<\/p>\n<p>Le preguntamos a Ana cu\u00e1les fueron las principales dificultades que enfrent\u00f3 cuando tuvo que implementar estrategias de inclusi\u00f3n en la comunicaci\u00f3n interna de una gran empresa para la que trabajaba y un punto que destac\u00f3 fue el cambio en <strong>mentalidad de la industria<\/strong>: <em>\u201cEmpec\u00e9 a favorecer veh\u00edculos m\u00e1s inclusivos. Por ejemplo, actualic\u00e9 Corporate TV una vez por semana. Despu\u00e9s de empezar a mirar la inclusi\u00f3n, empez\u00f3 a actualizarse cada vez que hab\u00eda nuevas novedades. Otro desaf\u00edo fue cambiar la cultura de consumo de informaci\u00f3n de la gente. La televisi\u00f3n en la cafeter\u00eda a menudo era ignorada porque la gente prefer\u00eda hablar. Despu\u00e9s de una campa\u00f1a dando voz y protagonismo a los propios empleados para que aparecieran en pantalla, gan\u00f3 espacio en su rutina\u201d.<\/em><\/p>\n<p>&nbsp;<\/p>\n<p>&nbsp;<\/p>\n<p>B2 ha preparado algunas sugerencias para que salgas de tu empresa con una comunicaci\u00f3n m\u00e1s inclusiva:<\/p>\n<ul>\n<li><span style=\"color: #008000;\"><span style=\"color: #339966;\"><strong>Llegar a audiencias con discapacidad auditiva<\/strong><\/span>:<\/span> Mantenga el contacto visual, cuente siempre con un int\u00e9rprete. <a href=\"https:\/\/worksphere.com.br\/acessibilidade-na-comunicacao-interna\/\" target=\"_blank\" rel=\"noopener\">LIBRAS<\/a>. En el <a href=\"http:\/\/comunica.b2midia.com.br\/pilotoworksphere\" target=\"_blank\" rel=\"noopener\">Esfera de trabajo<\/a>, nuestra plataforma de comunicaci\u00f3n interna, contamos con esta funcionalidad. \u00bfQu\u00e9 tal intentarlo?<\/li>\n<li><span style=\"color: #008000;\"><strong><span style=\"color: #339966;\">Para llegar a audiencias con discapacidad visual:<\/span> <\/strong><\/span>Habla a volumen normal y directamente. Para los canales, intenta desarrollar contenidos de audio como podcasts, es una forma din\u00e1mica y audaz de traducir informaci\u00f3n escrita.<\/li>\n<li><strong><span style=\"color: #339966;\">Para llegar a audiencias con discapacidad cognitiva:<\/span> <\/strong>Utilice oraciones en orden directo (sujeto-verbo-objeto), sea claro y objetivo. Las im\u00e1genes y v\u00eddeos son una gran opci\u00f3n, ya que ayudan a comprender el mensaje, para transmitirlos utiliza herramientas como el Mural Digital.<\/li>\n<li><span style=\"color: #339966;\"><strong>Para llegar a audiencias con discapacidades de movilidad:<\/strong><\/span> Si notas que una tarea es dif\u00edcil, ofrece ayuda, pero siempre pregunta c\u00f3mo. Al realizar eventos y acciones de CI, nunca olvide ofrecer <span style=\"color: #339966;\"><strong>ACCESIBILIDAD<\/strong>.<\/span><\/li>\n<\/ul>\n<p><em>\u201cCuando la empresa se comunica eficazmente con todos los empleados, la cultura de la empresa se difunde y se mantiene, se recibe m\u00e1s feedback, aumenta la confianza del empleado en la marca y, en consecuencia, el clima en el equipo y la motivaci\u00f3n en el trabajo\u201d, comenta el profesional .<\/em><\/p>\n<p>&nbsp;<\/p>\n<p>Cr\u00e9anme, el equipo de CI tiene mucho que aportar en esta misi\u00f3n hacia la inclusi\u00f3n. \u00bfEntonces vamos a comenzar? La f\u00f3rmula es: <span style=\"color: #339966;\"><strong>Empat\u00eda + Comunicaci\u00f3n = Inclusi\u00f3n.<\/strong><\/span><\/p>\n<p>&nbsp;<\/p>","protected":false},"excerpt":{"rendered":"<p>Como desenvolver uma Comunica\u00e7\u00e3o Interna + inclusiva &nbsp; Do que adiantar enviar uma mensagem se o conte\u00fado n\u00e3o chegar ou n\u00e3o for compreendido pelo destinat\u00e1rio? Quando o assunto \u00e9 comunica\u00e7\u00e3o interna e inclus\u00e3o, v\u00e1rios fatores devem ser levados em considera\u00e7\u00e3o. Voc\u00ea j\u00e1 parou para pensar se o p\u00fablico PcD \u00e9 alcan\u00e7ado pelos canais e a\u00e7\u00f5es [&hellip;]<\/p>\n","protected":false},"author":1,"featured_media":26376,"comment_status":"closed","ping_status":"closed","sticky":false,"template":"","format":"standard","meta":{"_acf_changed":false,"footnotes":""},"categories":[5,35,299],"tags":[],"class_list":["post-25159","post","type-post","status-publish","format-standard","has-post-thumbnail","hentry","category-comunicacao-interna","category-corporativo","category-institucional"],"acf":[],"_links":{"self":[{"href":"https:\/\/b2midia.com.br\/es\/wp-json\/wp\/v2\/posts\/25159","targetHints":{"allow":["GET"]}}],"collection":[{"href":"https:\/\/b2midia.com.br\/es\/wp-json\/wp\/v2\/posts"}],"about":[{"href":"https:\/\/b2midia.com.br\/es\/wp-json\/wp\/v2\/types\/post"}],"author":[{"embeddable":true,"href":"https:\/\/b2midia.com.br\/es\/wp-json\/wp\/v2\/users\/1"}],"replies":[{"embeddable":true,"href":"https:\/\/b2midia.com.br\/es\/wp-json\/wp\/v2\/comments?post=25159"}],"version-history":[{"count":0,"href":"https:\/\/b2midia.com.br\/es\/wp-json\/wp\/v2\/posts\/25159\/revisions"}],"wp:featuredmedia":[{"embeddable":true,"href":"https:\/\/b2midia.com.br\/es\/wp-json\/wp\/v2\/media\/26376"}],"wp:attachment":[{"href":"https:\/\/b2midia.com.br\/es\/wp-json\/wp\/v2\/media?parent=25159"}],"wp:term":[{"taxonomy":"category","embeddable":true,"href":"https:\/\/b2midia.com.br\/es\/wp-json\/wp\/v2\/categories?post=25159"},{"taxonomy":"post_tag","embeddable":true,"href":"https:\/\/b2midia.com.br\/es\/wp-json\/wp\/v2\/tags?post=25159"}],"curies":[{"name":"wp","href":"https:\/\/api.w.org\/{rel}","templated":true}]}}