{"id":26718,"date":"2023-04-25T11:30:09","date_gmt":"2023-04-25T14:30:09","guid":{"rendered":"https:\/\/b2midia.com.br\/?p=26718"},"modified":"2023-04-25T11:30:09","modified_gmt":"2023-04-25T14:30:09","slug":"ideias-de-acoes-para-fazer-no-dia-do-trabalho-2","status":"publish","type":"post","link":"https:\/\/b2midia.com.br\/es\/ideias-de-acoes-para-fazer-no-dia-do-trabalho-2\/","title":{"rendered":"Ideas de acciones para hacer el D\u00eda del Trabajo + Animaci\u00f3n gratuita"},"content":{"rendered":"<p><span style=\"font-weight: 400;\">El D\u00eda del Trabajo es una fecha conmemorativa en honor a los logros laborales y sociales de los trabajadores a lo largo de la historia. Se celebra en muchos pa\u00edses del mundo, incluido Brasil, siempre el 1 de mayo.<\/span><\/p>\n<h3>Consulte este art\u00edculo para obtener m\u00e1s informaci\u00f3n sobre la historia de este d\u00eda, consejos sobre c\u00f3mo celebrarlo en la empresa y, como beneficio adicional, descargue una animaci\u00f3n gratuita que puede utilizar en su TV corporativa para honrar a sus empleados.<\/h3>\n<p><span style=\"font-weight: 400;\">La historia del D\u00eda del Trabajo se remonta a finales del siglo XIX, cuando un movimiento obrero en Chicago, en Estados Unidos, luch\u00f3 por mejores condiciones laborales y una jornada laboral de ocho horas. El 1 de mayo de 1886, innumerables trabajadores realizaron una huelga general a nivel nacional, pidiendo estas demandas.<\/span><\/p>\n<p><span style=\"font-weight: 400;\">Sin embargo, la huelga termin\u00f3 en violencia cuando varios trabajadores murieron y muchos otros fueron arrestados o heridos. El evento se convirti\u00f3 en un hito en la lucha por los derechos laborales.<\/span><\/p>\n<p><img loading=\"lazy\" decoding=\"async\" class=\"aligncenter wp-image-27686 size-medium\" src=\"https:\/\/uwex.b2midia.com.br\/wp-content\/uploads\/2023\/07\/image_processing20200201-29235-4p667o-1-300x236.jpg\" alt=\"\" width=\"300\" height=\"236\" title=\"\"><\/p>\n<p><span style=\"font-weight: 400;\">Asimismo, en Brasil, el D\u00eda del Trabajo fue establecido oficialmente en 1925 por el presidente Artur Bernardes. Desde entonces, la fecha se celebra anualmente como un d\u00eda de homenaje a los trabajadores y sus luchas por mejores condiciones laborales, salarios justos y derechos sociales y laborales.<\/span><\/p>\n<p><span style=\"font-weight: 400;\">El D\u00eda del Trabajo es una fecha importante que reconoce los logros y las luchas de los trabajadores por mejores condiciones laborales y derechos sociales y laborales. Es una oportunidad para reflexionar sobre los avances realizados y los desaf\u00edos futuros que es necesario afrontar.<\/span><\/p>\n<p>Adem\u00e1s, tambi\u00e9n es una excelente oportunidad para tomar acciones y despertar el sentido de pertenencia y aumentar el compromiso de los empleados.<\/p>\n<h4>Pensando en esto, hemos seleccionado algunos consejos de marketing interno para poner en pr\u00e1ctica en tu empresa, cons\u00faltalos:<\/h4>\n<p><span style=\"font-weight: 400;\"><img loading=\"lazy\" decoding=\"async\" class=\"wp-image-27677 alignleft\" src=\"https:\/\/uwex.b2midia.com.br\/wp-content\/uploads\/2023\/07\/eventos-150x150.png\" alt=\"\" width=\"79\" height=\"79\" title=\"\">Organice una fiesta: organice una fiesta para sus empleados. Podr\u00eda ser un almuerzo, un picnic o un happy hour. Esto les dar\u00e1 la oportunidad de reunirse y celebrar juntos.<\/span><\/p>\n<p>&nbsp;<\/p>\n<p><span style=\"font-weight: 400;\"><img loading=\"lazy\" decoding=\"async\" class=\"wp-image-27674 alignleft\" src=\"https:\/\/uwex.b2midia.com.br\/wp-content\/uploads\/2023\/07\/certificado-150x150.png\" alt=\"\" width=\"83\" height=\"83\" title=\"\"> Aprovecha la oportunidad para premiar a tus empleados por su arduo trabajo y dedicaci\u00f3n durante todo el a\u00f1o. Puedes ofrecer premios en efectivo, bonificaciones o incluso un certificado de reconocimiento.<\/span><\/p>\n<p>&nbsp;<\/p>\n<p><span style=\"font-weight: 400;\"><img loading=\"lazy\" decoding=\"async\" class=\"wp-image-27671 alignleft\" src=\"https:\/\/uwex.b2midia.com.br\/wp-content\/uploads\/2023\/07\/massagem-facial-1-150x150.png\" alt=\"\" width=\"78\" height=\"78\" title=\"\">Ofrece una jornada de bienestar durante toda la jornada laboral, considera ofrecer servicios de bienestar a tus empleados, como masajes, yoga o meditaci\u00f3n. Esto puede ayudarles a relajarse y recargar pilas.<\/span><\/p>\n<h4><\/h4>\n<h4>\u00bfY qu\u00e9 tal utilizar la tecnolog\u00eda para facilitar acciones? Consulte a continuaci\u00f3n los consejos sobre qu\u00e9 hacer con Corporate TV y Corporate APP:<\/h4>\n<p><img loading=\"lazy\" decoding=\"async\" class=\"alignleft wp-image-27691\" src=\"https:\/\/uwex.b2midia.com.br\/wp-content\/uploads\/2023\/07\/tirar-uma-foto-150x150.png\" alt=\"\" width=\"75\" height=\"75\" title=\"\">Organice un concurso de fotograf\u00eda: pida a los empleados que env\u00eden fotograf\u00edas relacionadas con el trabajo o su rutina diaria y muestre las mejores fotograf\u00edas en <a href=\"https:\/\/b2midia.com.br\/es\/categoria\/corporativa\/\" target=\"_blank\" rel=\"noopener\">Televisi\u00f3n corporativa<\/a> y en <a href=\"https:\/\/worksphere.com.br\/\" target=\"_blank\" rel=\"noopener\">Aplicaci\u00f3n corporativa.<\/a> Esta puede ser una excelente manera de involucrar y fomentar la participaci\u00f3n de los empleados.<\/p>\n<p>&nbsp;<\/p>\n<p><img loading=\"lazy\" decoding=\"async\" class=\"alignleft wp-image-27697\" src=\"https:\/\/uwex.b2midia.com.br\/wp-content\/uploads\/2023\/07\/sucesso-150x150.png\" alt=\"\" width=\"82\" height=\"82\" title=\"\">Comparta historias de \u00e9xito: utilice el <a href=\"https:\/\/b2midia.com.br\/es\/categoria\/corporativa\/\" target=\"_blank\" rel=\"noopener\">Televisi\u00f3n corporativa<\/a> y el <a href=\"https:\/\/worksphere.com.br\/\" target=\"_blank\" rel=\"noopener\">Aplicaci\u00f3n corporativa\u00a0<\/a>para resaltar historias de \u00e9xito de empleados o departamentos dentro de la empresa. Esto puede inspirar y motivar a otros empleados a esforzarse y trabajar m\u00e1s duro.<\/p>\n<p>&nbsp;<\/p>\n<p><img loading=\"lazy\" decoding=\"async\" class=\"alignleft wp-image-27694\" src=\"https:\/\/uwex.b2midia.com.br\/wp-content\/uploads\/2023\/07\/smartphone-150x150.png\" alt=\"\" width=\"81\" height=\"81\" title=\"\">Organice un cuestionario: cree un cuestionario divertido, relacionado con el trabajo o la empresa e invite a los empleados a participar a trav\u00e9s de <a href=\"https:\/\/worksphere.com.br\/\" target=\"_blank\" rel=\"noopener\">Aplicaci\u00f3n corporativa<\/a>. Muestre las preguntas y respuestas correctas en <a href=\"https:\/\/b2midia.com.br\/es\/categoria\/corporativa\/\" target=\"_blank\" rel=\"noopener\">Televisi\u00f3n corporativa.<\/a><\/p>\n<p>&nbsp;<\/p>\n<p><img loading=\"lazy\" decoding=\"async\" class=\"alignleft wp-image-27703\" src=\"https:\/\/uwex.b2midia.com.br\/wp-content\/uploads\/2023\/07\/instagram-ao-vivo-150x150.png\" alt=\"\" width=\"80\" height=\"80\" title=\"\">Finalmente podr\u00e1 transmitir un mensaje de liderazgo en vivo a todas las sucursales y \u00e1reas de la empresa a trav\u00e9s de <a href=\"https:\/\/b2midia.com.br\/es\/categoria\/corporativa\/\" target=\"_blank\" rel=\"noopener\">Televisi\u00f3n corporativa<\/a>, al igual que el <a href=\"https:\/\/b2midia.com.br\/es\/comunicacao-interna-eficaz-com-a-tv-corporativa-case-de-sucesso-atlas-copco\/\" target=\"_blank\" rel=\"noopener\">Grupo Atlas Copco<\/a> en su evento de celebraci\u00f3n del 150 aniversario de la empresa.<\/p>\n<p style=\"text-align: center;\"><a href=\"https:\/\/b2midia.com.br\/es\/comunicacao-interna-eficaz-com-a-tv-corporativa-case-de-sucesso-atlas-copco\/\" target=\"_blank\" rel=\"noopener\">\u00a1Mira la historia de \u00e9xito completa aqu\u00ed!<\/a><\/p>\n<p>&nbsp;<\/p>\n<p>Descargue la animaci\u00f3n gratuita en el formulario a continuaci\u00f3n.<br \/>\n<iframe loading=\"lazy\" title=\"reproductor de v\u00eddeos de youtube\" src=\"https:\/\/www.youtube.com\/embed\/TBzTuGUHtTI\" width=\"560\" height=\"315\" frameborder=\"0\" allowfullscreen=\"allowfullscreen\" data-mce-fragment=\"1\"><\/iframe><\/p>\n<hr \/>\n<p><iframe loading=\"lazy\" style=\"background: none; border: none;\" src=\"https:\/\/forms.lahar.com.br\/formularios-externos\/acessa\/animacaodiadotrabalho2023-6jOOMj8LdThZe73KU3U9jlO6\" name=\"iframe_formex_lahar\" width=\"100%\" height=\"660px\" frameborder=\"0\" data-mce-fragment=\"1\">Su navegador no soporta iframes.<\/iframe><\/p>\n<hr \/>\n<p>Si a\u00fan no tienes uno\u00a0<a href=\"https:\/\/b2midia.com.br\/es\/categoria\/corporativa\/\">Televisi\u00f3n corporativa<\/a>\u00a0en tu empresa, o si ya tienes una, pero quieres conocer nuestras diferencias,\u00a0<a href=\"http:\/\/comunica.b2midia.com.br\/pilotomuraldigital\">hable con nosotros<\/a>\u00a0\u00a1Ahora mismo y venga a formar parte del grupo de clientes m\u00e1s satisfechos de Brasil!<\/p>","protected":false},"excerpt":{"rendered":"<p>O Dia do Trabalho \u00e9 uma data comemorativa em homenagem \u00e0s conquistas trabalhistas e sociais dos trabalhadores ao longo da hist\u00f3ria. \u00c9 celebrado em muitos pa\u00edses ao redor do mundo, incluindo o Brasil, sempre no dia 1\u00ba de maio. Confira neste artigo mais sobre a hist\u00f3ria deste dia, dicas de como comemorar na empresa e [&hellip;]<\/p>\n","protected":false},"author":1,"featured_media":27750,"comment_status":"closed","ping_status":"closed","sticky":false,"template":"","format":"standard","meta":{"_acf_changed":false,"footnotes":""},"categories":[37],"tags":[],"class_list":["post-26718","post","type-post","status-publish","format-standard","has-post-thumbnail","hentry","category-videos-animacoes"],"acf":[],"_links":{"self":[{"href":"https:\/\/b2midia.com.br\/es\/wp-json\/wp\/v2\/posts\/26718","targetHints":{"allow":["GET"]}}],"collection":[{"href":"https:\/\/b2midia.com.br\/es\/wp-json\/wp\/v2\/posts"}],"about":[{"href":"https:\/\/b2midia.com.br\/es\/wp-json\/wp\/v2\/types\/post"}],"author":[{"embeddable":true,"href":"https:\/\/b2midia.com.br\/es\/wp-json\/wp\/v2\/users\/1"}],"replies":[{"embeddable":true,"href":"https:\/\/b2midia.com.br\/es\/wp-json\/wp\/v2\/comments?post=26718"}],"version-history":[{"count":0,"href":"https:\/\/b2midia.com.br\/es\/wp-json\/wp\/v2\/posts\/26718\/revisions"}],"wp:featuredmedia":[{"embeddable":true,"href":"https:\/\/b2midia.com.br\/es\/wp-json\/wp\/v2\/media\/27750"}],"wp:attachment":[{"href":"https:\/\/b2midia.com.br\/es\/wp-json\/wp\/v2\/media?parent=26718"}],"wp:term":[{"taxonomy":"category","embeddable":true,"href":"https:\/\/b2midia.com.br\/es\/wp-json\/wp\/v2\/categories?post=26718"},{"taxonomy":"post_tag","embeddable":true,"href":"https:\/\/b2midia.com.br\/es\/wp-json\/wp\/v2\/tags?post=26718"}],"curies":[{"name":"wp","href":"https:\/\/api.w.org\/{rel}","templated":true}]}}