{"id":27125,"date":"2022-09-20T09:42:37","date_gmt":"2022-09-20T12:42:37","guid":{"rendered":"https:\/\/b2midia.com.br\/?p=27125"},"modified":"2022-09-20T09:42:37","modified_gmt":"2022-09-20T12:42:37","slug":"o-papel-do-lider-nas-equipes","status":"publish","type":"post","link":"https:\/\/b2midia.com.br\/es\/o-papel-do-lider-nas-equipes\/","title":{"rendered":"El papel del l\u00edder en equipos"},"content":{"rendered":"<p><span style=\"font-weight: 400;\">Actualmente se habla mucho de diferentes tipos de gesti\u00f3n y liderazgo, el tema se ha \u201cviralizado\u201d y han surgido varias tendencias al respecto, llenas de palabras dif\u00edciles y extranjerismos\u2026 pero al fin y al cabo, debajo de todos estos discursos, se esconden promesas de innovaci\u00f3n y publicaciones en LinkedIn, \u00bfLa gente realmente entiende lo que significa ser un buen l\u00edder? \u00bfCu\u00e1l es el objetivo de un l\u00edder dentro de un equipo? \u00bfPueden los propios l\u00edderes ver estos factores?<\/span><\/p>\n<p>&nbsp;<\/p>\n<p><span style=\"font-weight: 400;\">Por supuesto, no existe una f\u00f3rmula m\u00e1gica, sobre todo porque hablamos de relaciones humanas, donde una receta de tarta no es regla para un buen resultado. Cada l\u00edder ser\u00e1 diferente, ya que cada uno tiene su propio camino e individualidad, lo cual es genial. Sin embargo, en t\u00e9rminos generales, \u00bfqu\u00e9 se puede y se debe esperar de estos profesionales?\u00a0\u00a0\u00a0<\/span><\/p>\n<p>&nbsp;<\/p>\n<h2><b>Paso 01: el grupo <\/b><\/h2>\n<p><img loading=\"lazy\" decoding=\"async\" class=\"alignnone wp-image-27129 size-full\" src=\"https:\/\/uwex.b2midia.com.br\/wp-content\/uploads\/2023\/07\/BLOG-56-e1663616935450.png\" alt=\"\" width=\"1536\" height=\"560\" title=\"\"><\/p>\n<p>&nbsp;<\/p>\n<p><span style=\"font-weight: 400;\">Para comprender mejor el papel del liderazgo, comencemos por comprender qu\u00e9 es un equipo.<\/span><\/p>\n<p><span style=\"font-weight: 400;\">Del franc\u00e9s <\/span><i><span style=\"font-weight: 400;\">equipo<\/span><\/i><span style=\"font-weight: 400;\">, es la reuni\u00f3n de individuos que realizan (juntos) una misma tarea o trabajo. En otras palabras, podemos conceptualizarlo como: el esfuerzo colectivo para alcanzar objetivos.\u00a0<\/span><\/p>\n<p>&nbsp;<\/p>\n<p><span style=\"font-weight: 400;\">Cuando personas diferentes entre s\u00ed, y que probablemente nunca se han conocido en su vida, invierten alrededor de ocho horas de cada d\u00eda en busca de un mayor resultado. \u00bfCu\u00e1l es el pegamento que hace que no quieran irse? \u00bfQui\u00e9n o qu\u00e9 es responsable de involucrar y guiar a estos profesionales para que hagan un buen trabajo juntos?\u00a0\u00a0<\/span><\/p>\n<p>&nbsp;<\/p>\n<p><span style=\"font-weight: 400;\">Un buen equipo es aquel que presenta variedad en todos los sentidos: talentos, comportamiento, raza, g\u00e9nero, etc., pero tambi\u00e9n est\u00e1 formado por individuos que ven m\u00e1s all\u00e1 de las diferencias de los dem\u00e1s. Es comprensible que el ambiente no siempre sea tan agradable, pero los buenos equipos valoran y buscan la buena comunicaci\u00f3n, y por eso son capaces de superar los conflictos con madurez la mayor parte de las veces.<\/span><\/p>\n<p>&nbsp;<\/p>\n<h2><b>Paso 02: el norte\u00a0<\/b><\/h2>\n<p>&nbsp;<\/p>\n<p><span style=\"font-weight: 400;\">La palabra l\u00edder, de origen celta, significa lo que va delante. Y con esto ya te puedes imaginar que el segundo paso es, efectivamente, entender qu\u00e9 es un l\u00edder. Al pensar en la sociedad en su conjunto, se puede ver que esta palabra est\u00e1 directa o indirectamente presente en diferentes aspectos: en religi\u00f3n, por ejemplo, hay pastores; en la escuela hay profesores; en una familia tradicional est\u00e1n los padres; y por ah\u00ed va. En otras palabras, incluso cambiando el contexto, el nombre, el grado de responsabilidad de estas personas hacia usted, un l\u00edder siempre ser\u00e1 un l\u00edder, encargado de los deberes de instruir, mandar y unificar a un grupo de personas, y motivar a trav\u00e9s de un sentido de pertenencia, identificaci\u00f3n y representaci\u00f3n.<\/span><\/p>\n<p>&nbsp;<\/p>\n<p><span style=\"font-weight: 400;\">\u00a1El l\u00edder en el sentido corporativo de la palabra es responsable de todo esto y a\u00fan m\u00e1s!\u00a0<\/span><\/p>\n<p><span style=\"font-weight: 400;\">El gestor de un equipo debe inspirar, colaborar y armonizar, adem\u00e1s de buscar siempre el desarrollo, aprendizaje y madurez de los miembros de su equipo. Preocupados por mejorar las habilidades duras, pero con foco en las habilidades blandas de cada miembro del equipo, al fin y al cabo, estas \u00faltimas influyen en la interacci\u00f3n diaria de las personas que al menos necesitan llevarse bien y, ante ello, tener una actitud receptiva hacia nuevas ideas con un di\u00e1logo respetuoso y constructivo.<\/span><\/p>\n<p>&nbsp;<\/p>\n<p><span style=\"font-weight: 400;\">Un l\u00edder est\u00e1 100% involucrado en todo el recorrido de un empleado, desde<a href=\"https:\/\/worksphere.com.br\/a-importancia-do-processo-seletivo-2\/\" target=\"_blank\" rel=\"noopener\"> tu admisi\u00f3n<\/a> a su despido. Al momento de abrir una vacante, debes prestar atenci\u00f3n al perfil que seleccionar\u00e1s, despu\u00e9s de todo, esta decisi\u00f3n podr\u00eda ser decisiva para el desempe\u00f1o de tu equipo actual.<\/span><\/p>\n<p>&nbsp;<\/p>\n<p><span style=\"font-weight: 400;\">Alinear expectativas, valorar y estimular el verdadero potencial a trav\u00e9s de una estrategia y cultura de retroalimentaci\u00f3n... Lo cierto es que cuanto mayor sea el alineamiento de un equipo con su l\u00edder, m\u00e1s comprometido y mayor ser\u00e1 su desempe\u00f1o. En otras palabras, las habilidades de un <a href=\"https:\/\/b2midia.com.br\/es\/e-quanto-a-saude-mental-dos-lideres\/\">El l\u00edder es intransferible.<\/a>.<\/span><\/p>\n<p><span style=\"font-weight: 400;\">\u00a0<\/span><\/p>\n<p><span style=\"font-weight: 400;\">En este contexto de liderazgo, es fundamental entender que cualquier tipo de exceso es t\u00f3xico. Por eso se habla tanto de cursos y capacitaciones, todo l\u00edder debe apuntar a encontrar un equilibrio entre sus virtudes y defectos. No es una tarea f\u00e1cil, pero nadie dijo que lo ser\u00eda. Tener la responsabilidad de orientar la vida profesional, junto con el objetivo de la empresa, no es para todos.\u00a0\u00a0<\/span><\/p>\n<p>&nbsp;<\/p>\n<h2><b>Paso 03: realidad\u00a0<\/b><\/h2>\n<p>&nbsp;<\/p>\n<p><span style=\"font-weight: 400;\">La verdad es que un l\u00edder con todas estas caracter\u00edsticas mencionadas anteriormente es una utop\u00eda (quiero decir, al menos nunca he conocido a alguien as\u00ed), todos tenemos fallas y defectos, pero ah\u00ed es donde entra el verdadero truco: un buen l\u00edder. , \u00bfsabes? que siempre tendr\u00e1s mucho que aprender, y que no eres perfecto, por eso siempre buscas mejorar.<\/span><\/p>\n<p>&nbsp;<\/p>\n<p><span style=\"font-weight: 400;\">Un l\u00edder no nace preparado, es necesario entrenarlo y prepararlo para que pueda actuar con empat\u00eda y comprensi\u00f3n. Un liderazgo no preparado compromete directa y profundamente los resultados de un equipo. Alta rotaci\u00f3n, desmotivaci\u00f3n, falta de admiraci\u00f3n son solo algunos de los factores que generar\u00e1n en un entorno corporativo las personas que no est\u00e1n preparadas para roles directivos. Nadie puede dormir y despertarse al d\u00eda siguiente liderando como un CEO de una multinacional, todo es proceso, experiencia y autoconocimiento. \u00bfEst\u00e1s t\u00fa, l\u00edder de la tendencia x,y,z, preparado para esto? \u00bfTe importa m\u00e1s el l\u00edder que quieres ser o lo que realmente necesitan tus empleados?<\/span><\/p>\n<p>&nbsp;<\/p>\n<p><span style=\"font-weight: 400;\">En \u00faltima instancia, el liderazgo inteligente valora y se preocupa por el capital humano y lo que tiene que decir incluso en silencio. Si realmente entiendes esto, no s\u00f3lo de labios para afuera, est\u00e1s listo para comenzar el viaje de Si te conviertes en un l\u00edder, ya lo entiendes. el papel del liderazgo en un equipo y, si ya lo haces, eres un buen l\u00edder.<\/span><\/p>\n<p><img loading=\"lazy\" decoding=\"async\" class=\"alignnone wp-image-27137 size-full\" src=\"https:\/\/uwex.b2midia.com.br\/wp-content\/uploads\/2023\/07\/BLOG-58.png\" alt=\"\" width=\"1536\" height=\"780\" title=\"\"><\/p>","protected":false},"excerpt":{"rendered":"<p>Atualmente, muito se \u00e9 comentado sobre diversos tipos de gest\u00e3o e lideran\u00e7a, o assunto \u201cviralizou\u201d e diversas tend\u00eancias a respeito surgiram, carregadas de palavras dif\u00edceis e estrangeirismos\u2026 mas afinal, debaixo de todos esses discursos,\u00a0 promessas de inova\u00e7\u00e3o e posts no LinkedIn, as pessoas realmente compreendem o que \u00e9 ser um bom l\u00edder? Qual \u00e9 o [&hellip;]<\/p>\n","protected":false},"author":1,"featured_media":27126,"comment_status":"closed","ping_status":"closed","sticky":false,"template":"","format":"standard","meta":{"_acf_changed":false,"footnotes":""},"categories":[35,305],"tags":[],"class_list":["post-27125","post","type-post","status-publish","format-standard","has-post-thumbnail","hentry","category-corporativo","category-lideranca"],"acf":[],"_links":{"self":[{"href":"https:\/\/b2midia.com.br\/es\/wp-json\/wp\/v2\/posts\/27125","targetHints":{"allow":["GET"]}}],"collection":[{"href":"https:\/\/b2midia.com.br\/es\/wp-json\/wp\/v2\/posts"}],"about":[{"href":"https:\/\/b2midia.com.br\/es\/wp-json\/wp\/v2\/types\/post"}],"author":[{"embeddable":true,"href":"https:\/\/b2midia.com.br\/es\/wp-json\/wp\/v2\/users\/1"}],"replies":[{"embeddable":true,"href":"https:\/\/b2midia.com.br\/es\/wp-json\/wp\/v2\/comments?post=27125"}],"version-history":[{"count":0,"href":"https:\/\/b2midia.com.br\/es\/wp-json\/wp\/v2\/posts\/27125\/revisions"}],"wp:featuredmedia":[{"embeddable":true,"href":"https:\/\/b2midia.com.br\/es\/wp-json\/wp\/v2\/media\/27126"}],"wp:attachment":[{"href":"https:\/\/b2midia.com.br\/es\/wp-json\/wp\/v2\/media?parent=27125"}],"wp:term":[{"taxonomy":"category","embeddable":true,"href":"https:\/\/b2midia.com.br\/es\/wp-json\/wp\/v2\/categories?post=27125"},{"taxonomy":"post_tag","embeddable":true,"href":"https:\/\/b2midia.com.br\/es\/wp-json\/wp\/v2\/tags?post=27125"}],"curies":[{"name":"wp","href":"https:\/\/api.w.org\/{rel}","templated":true}]}}