{"id":27556,"date":"2023-04-17T10:00:36","date_gmt":"2023-04-17T13:00:36","guid":{"rendered":"https:\/\/b2midia.com.br\/?p=27556"},"modified":"2023-04-17T10:00:36","modified_gmt":"2023-04-17T13:00:36","slug":"comunicacao-interna-eficaz-com-a-tv-corporativa-case-de-sucesso-atlas-copco","status":"publish","type":"post","link":"https:\/\/b2midia.com.br\/es\/comunicacao-interna-eficaz-com-a-tv-corporativa-case-de-sucesso-atlas-copco\/","title":{"rendered":"Comunicaci\u00f3n interna eficaz con Corporate TV: historia de \u00e9xito de Atlas Copco"},"content":{"rendered":"<h3><span style=\"font-weight: 400;\">El 23\/02\/23 tuvo lugar un gran evento en el Grupo Atlas Copco para celebrar los 150 a\u00f1os de historia de la compa\u00f1\u00eda y <\/span><span style=\"font-weight: 400;\">para que el <\/span><span style=\"font-weight: 400;\">lleg\u00f3 a todos los empleados en Brasil y Am\u00e9rica Latina, la multinacional sueca <\/span><span style=\"font-weight: 400;\">cont\u00f3 con la ayuda de la comunicaci\u00f3n interna, <\/span><a href=\"https:\/\/b2midia.com.br\/es\/categoria\/corporativa\/\"><b>Televisi\u00f3n corporativa <\/b><\/a><span style=\"font-weight: 400;\">Es <\/span><a href=\"https:\/\/worksphere.com.br\/\" target=\"_blank\" rel=\"noopener\"><b>Solicitud corporativa<\/b><\/a><span style=\"font-weight: 400;\">, de B2 M\u00eddia.\u00a0<\/span><\/h3>\n<hr \/>\n<p><span style=\"font-weight: 400;\">Descubra m\u00e1s sobre la estrategia utilizada en el evento:<\/span><\/p>\n<p><img loading=\"lazy\" decoding=\"async\" class=\"wp-image-27568 size-full aligncenter\" src=\"https:\/\/uwex.b2midia.com.br\/wp-content\/uploads\/2023\/07\/Estrategia-de-Comunicacao.png\" alt=\"Comunica\u00e7\u00e3o interna com aplica\u00e7\u00e3o\" width=\"1140\" height=\"420\" title=\"\"><\/p>\n<p><span style=\"font-weight: 400;\">En 2023 el <\/span><b>Grupo Atlas Copco<\/b><span style=\"font-weight: 400;\"> cumpli\u00f3 150 a\u00f1os y, como no todas las empresas pueden lograr una haza\u00f1a como esta, la empresa decidi\u00f3 realizar un gran evento <\/span><i><span style=\"font-weight: 400;\">En l\u00ednea,<\/span><\/i><span style=\"font-weight: 400;\"> para celebrar con sus empleados.<\/span><\/p>\n<p><span style=\"font-weight: 400;\">Para ayudarnos a contar esta gran historia de \u00e9xito, invitamos a Giovanna Caliope, miembro del equipo de comunicaciones internas de Atlas Copco, quien es una de las responsables de gestionar el contenido de estos canales all\u00ed:<\/span><\/p>\n<p><img loading=\"lazy\" decoding=\"async\" class=\"aligncenter wp-image-27588\" src=\"https:\/\/uwex.b2midia.com.br\/wp-content\/uploads\/2023\/07\/Instagram-B2-2023-21-1-e1681148386194-150x150.png\" alt=\"\" width=\"103\" height=\"103\" title=\"\"><\/p>\n<p><i><span style=\"font-weight: 400;\" data-wp-editing=\"1\">\u201cNo todos los a\u00f1os una empresa cumple 150 a\u00f1os, por eso quer\u00edamos hacer algo realmente grande, que llamara la atenci\u00f3n de la gente, para esta fecha tan especial. <\/span><\/i><i><span style=\"font-weight: 400;\"><br \/>\n<\/span><\/i><i><span style=\"font-weight: 400;\"><br \/>\n<\/span><\/i><i><span style=\"font-weight: 400;\">El evento en s\u00ed aqu\u00ed en Brasil fue un Live con nuestro vicepresidente del holding, transmitido a todas nuestras unidades en Brasil, M\u00e9xico, Argentina, Per\u00fa y Chile. Quer\u00edamos detener a todos para agradecerles su compromiso y trabajo, haciendo de esta fecha un gran hito.<\/span><\/i><\/p>\n<p><i><span style=\"font-weight: 400;\">Adem\u00e1s del Live, tambi\u00e9n tuvimos una celebraci\u00f3n en todas las sedes con decoraci\u00f3n del espacio, pastel y regalos especiales.\u00a0<\/span><\/i><\/p>\n<p><i><span style=\"font-weight: 400;\">Nuestro objetivo era que todos se detuvieran, miraran y celebraran juntos, que todos se sintieran incluidos.\u00a0 <\/span><\/i><i><span style=\"font-weight: 400;\">Este fue el gran impulsor del evento\u201d., <\/span><\/i><span style=\"font-weight: 400;\">explica Giovanna Caliope<\/span><\/p>\n<p><span style=\"font-weight: 400;\">Seg\u00fan Giovanna, con respecto a <\/span><i><span style=\"font-weight: 400;\">Vivir<\/span><\/i><span style=\"font-weight: 400;\">, la idea inicial era realizar una videoconferencia en alguna plataforma de eventos basada en <\/span><i><span style=\"font-weight: 400;\">transmisi\u00f3n<\/span><\/i><span style=\"font-weight: 400;\">, sin embargo, se dieron cuenta de que esto por s\u00ed solo no ser\u00eda suficiente para llegar a todos los diferentes perfiles de personas que forman parte de la organizaci\u00f3n, ya que, en Brasil, el grupo cuenta con m\u00e1s de 1.500 trabajadores, de los cuales alrededor de 30% est\u00e1n en sectores operativos y con poco acceso a los ordenadores de la empresa o a los correos electr\u00f3nicos, por lo que no pod\u00edan dejar fuera de esta acci\u00f3n a este grupo tan importante de personas.<\/span><img loading=\"lazy\" decoding=\"async\" class=\"aligncenter wp-image-27578 size-full\" src=\"https:\/\/uwex.b2midia.com.br\/wp-content\/uploads\/2023\/07\/Faca-a-melhor-comunicacao-e1681139424504.png\" alt=\"\" width=\"1140\" height=\"282\" title=\"\"><\/p>\n<p><span style=\"font-weight: 400;\">El desaf\u00edo estaba planteado: hacer que el contenido del evento no solo llame la atenci\u00f3n e involucre a los empleados, sino que tambi\u00e9n llegue a 100% de ellos.<\/span><\/p>\n<p><span style=\"font-weight: 400;\">Fue entonces cuando el equipo de comunicaci\u00f3n interna del Grupo Atlas Copco necesit\u00f3 entrar a\u00fan m\u00e1s en escena y actuar estrat\u00e9gicamente, d\u00e1ndose cuenta de que la soluci\u00f3n ideal estar\u00eda en el uso de canales de comunicaci\u00f3n. <\/span><a href=\"https:\/\/b2midia.com.br\/es\/categoria\/corporativa\/\"><b>Televisi\u00f3n corporativa<\/b><\/a><span style=\"font-weight: 400;\"> Es <\/span><a href=\"https:\/\/worksphere.com.br\/\" target=\"_blank\" rel=\"noopener\"><b>Aplicaci\u00f3n corporativa<\/b><\/a><span style=\"font-weight: 400;\"> que la empresa ya ten\u00eda con B2 M\u00eddia, \u00a1y acertaron!\u00a0<\/span><\/p>\n<p><span style=\"font-weight: 400;\">Actualmente, el Grupo Atlas Copco tiene aproximadamente cuatro docenas de puntos de <a href=\"https:\/\/b2midia.com.br\/es\/categoria\/corporativa\/\">Televisi\u00f3n corporativa<\/a>, distribuidos estrat\u00e9gicamente en 9 diferentes unidades a lo largo del territorio nacional, adem\u00e1s de la <a href=\"https:\/\/worksphere.com.br\/\" target=\"_blank\" rel=\"noopener\">Aplicaci\u00f3n corporativa<\/a> el cual est\u00e1 disponible para todos los empleados y tiene un alcance mensual promedio de 70% para toda la empresa.<img loading=\"lazy\" decoding=\"async\" class=\"aligncenter wp-image-27582 size-large\" src=\"https:\/\/uwex.b2midia.com.br\/wp-content\/uploads\/2023\/07\/tv-e-celular-1024x485.png\" alt=\"\" width=\"1024\" height=\"485\" title=\"\"><\/span><\/p>\n<p><span style=\"font-weight: 400;\">Dichos canales fueron fundamentales para difundir informaci\u00f3n antes y despu\u00e9s del evento, manteniendo a los empleados de todos los sectores y unidades alineados con las novedades del evento. Fue a trav\u00e9s de la uni\u00f3n de estas dos plataformas de comunicaci\u00f3n interna que fue posible llegar a todos.<\/span><\/p>\n<p><i><span style=\"font-weight: 400;\"><img loading=\"lazy\" decoding=\"async\" class=\"aligncenter wp-image-27571 size-full\" src=\"https:\/\/uwex.b2midia.com.br\/wp-content\/uploads\/2023\/07\/Comentario-2-de-Giovanna-da-Atlas-Copco-e1681138925764.png\" alt=\"\" width=\"983\" height=\"327\" title=\"\"><\/span><\/i><\/p>\n<p><span style=\"font-weight: 400;\">A <\/span><i><span style=\"font-weight: 400;\">vivir<\/span><\/i><span style=\"font-weight: 400;\"> La celebraci\u00f3n presentada en todo Brasil y tambi\u00e9n en M\u00e9xico, Argentina, Per\u00fa y Chile, se llev\u00f3 a cabo a trav\u00e9s de una producci\u00f3n de terceros, contratada y administrada por el Grupo Atlas Copco, generando un enlace restringido en YouTube.<\/span><\/p>\n<p><span style=\"font-weight: 400;\">Este enlace fue insertado por el equipo de comunicaciones internas en el sistema de comunicaci\u00f3n. <a href=\"https:\/\/b2midia.com.br\/es\/categoria\/corporativa\/\">Televisi\u00f3n corporativa<\/a> Es <a href=\"https:\/\/worksphere.com.br\/\" target=\"_blank\" rel=\"noopener\">Aplicaci\u00f3n corporativa<\/a> de B2 M\u00eddia y luego se realiz\u00f3 una programaci\u00f3n en el sistema para que la programaci\u00f3n convencional de los canales fuera autom\u00e1ticamente pausada y reemplazada autom\u00e1ticamente por la <\/span><i><span style=\"font-weight: 400;\">transmisi\u00f3n<\/span><\/i><span style=\"font-weight: 400;\"> del evento, minutos antes de su inicio<\/span><span style=\"font-weight: 400;\"><br \/>\n<\/span><span style=\"font-weight: 400;\"><br \/>\n<\/span> <span style=\"font-weight: 400;\">B2 M\u00eddia: Giovanna, \u00bfc\u00f3mo fue el proceso de programaci\u00f3n del sistema B2 M\u00eddia?<\/span><span style=\"font-weight: 400;\"><br \/>\n<\/span><span style=\"font-weight: 400;\"><br \/>\n<\/span> <span style=\"font-weight: 400;\">Giovanna Caliope: <\/span><i><span style=\"font-weight: 400;\">\u201cLo encontr\u00e9 tranquilo. Habl\u00e9 con el equipo de soporte t\u00e9cnico de B2 M\u00eddia quienes me compartieron una gu\u00eda paso a paso muy sencilla. No tuve ninguna dificultad. Como nunca lo hab\u00edamos hecho antes, exist\u00eda el miedo de &#039;\u00a1\u00bfrealmente va a funcionar?!&#039;, \u00a1pero vimos que funcion\u00f3 muy bien!<\/span><\/i><\/p>\n<p><span style=\"font-weight: 400;\">Es m\u00e1s, seg\u00fan los comentarios de Giovanna, los canales <\/span><span style=\"font-weight: 400;\">A\u00fan as\u00ed termin\u00f3 teniendo un aumento en la percepci\u00f3n de relevancia e inter\u00e9s por los contenidos por parte de los empleados, es decir, adem\u00e1s de lograr el objetivo principal de utilizar el canal para permitir que el evento del 150 aniversario llegue a todos, hubo alguna ganancia. en la tasa de participaci\u00f3n del canal con la comunicaci\u00f3n interna.<\/span><\/p>\n<p><span style=\"font-weight: 400;\">Vea a continuaci\u00f3n las mejores partes de la charla que tuvimos con Giovanna Calliope, del equipo de comunicaciones del Grupo Atlas Copco, sobre toda esta experiencia:\u00a0<\/span><\/p>\n<div style=\"width: 1280px;\" class=\"wp-video\"><video class=\"wp-video-shortcode\" id=\"video-27556-1\" width=\"1280\" height=\"720\" poster=\"https:\/\/b2midia.com.br\/wp-content\/uploads\/2023\/04\/Capa-Video-artigo-blog-1280-\u00d7-720-px-2.png\" preload=\"metadata\" controls=\"controls\"><source type=\"video\/mp4\" src=\"https:\/\/b2midia.com.br\/wp-content\/uploads\/2023\/04\/Entrevista-Atlas-Copco-TV-Corporativa.mp4?_=1\" \/><a href=\"https:\/\/b2midia.com.br\/wp-content\/uploads\/2023\/04\/Entrevista-Atlas-Copco-TV-Corporativa.mp4\">https:\/\/b2midia.com.br\/wp-content\/uploads\/2023\/04\/Entrevista-Atlas-Copco-TV-Corporativa.mp4<\/a><\/video><\/div>\n<p><span style=\"font-weight: 400;\">Haga como el Grupo Atlas Copco y haga que su comunicaci\u00f3n interna sea a\u00fan m\u00e1s relevante con nuestras soluciones <a href=\"https:\/\/b2midia.com.br\/es\/categoria\/corporativa\/\">TV Corporativa (Muro Digital)<\/a> Es <a href=\"https:\/\/worksphere.com.br\/\" target=\"_blank\" rel=\"noopener\">Aplicaci\u00f3n corporativa<\/a> \u00a1Y descubre los innumerables beneficios de ser cliente de B2 M\u00eddia!<\/span><\/p>\n<hr \/>\n<p><span style=\"font-weight: 400;\">Si a\u00fan no tienes uno <\/span><a href=\"https:\/\/b2midia.com.br\/es\/categoria\/corporativa\/\"><span style=\"font-weight: 400;\">Televisi\u00f3n corporativa<\/span><\/a><span style=\"font-weight: 400;\"> en tu empresa, o si ya tienes una, pero quieres conocer nuestras diferencias, <\/span><a href=\"http:\/\/comunica.b2midia.com.br\/pilotomuraldigital\"><span style=\"font-weight: 400;\">hable con nosotros<\/span><\/a><span style=\"font-weight: 400;\"> \u00a1Ahora mismo y venga a formar parte del grupo de clientes m\u00e1s satisfechos de Brasil!<\/span><\/p>","protected":false},"excerpt":{"rendered":"<p>No dia 23\/02\/23 aconteceu no Grupo Atlas Copco um grande evento em comemora\u00e7\u00e3o aos 150 anos de hist\u00f3ria da empresa e para que ele chegasse a todos os colaboradores do Brasil e Am\u00e9rica Latina, a multinacional sueca contou com o aux\u00edlio da comunica\u00e7\u00e3o interna, TV Corporativa e Aplicativo Corporativo, da B2 M\u00eddia.\u00a0 Saiba mais sobre [&hellip;]<\/p>\n","protected":false},"author":1,"featured_media":27656,"comment_status":"closed","ping_status":"closed","sticky":false,"template":"","format":"standard","meta":{"_acf_changed":false,"footnotes":""},"categories":[297],"tags":[],"class_list":["post-27556","post","type-post","status-publish","format-standard","has-post-thumbnail","hentry","category-tv-corporativa"],"acf":[],"_links":{"self":[{"href":"https:\/\/b2midia.com.br\/es\/wp-json\/wp\/v2\/posts\/27556","targetHints":{"allow":["GET"]}}],"collection":[{"href":"https:\/\/b2midia.com.br\/es\/wp-json\/wp\/v2\/posts"}],"about":[{"href":"https:\/\/b2midia.com.br\/es\/wp-json\/wp\/v2\/types\/post"}],"author":[{"embeddable":true,"href":"https:\/\/b2midia.com.br\/es\/wp-json\/wp\/v2\/users\/1"}],"replies":[{"embeddable":true,"href":"https:\/\/b2midia.com.br\/es\/wp-json\/wp\/v2\/comments?post=27556"}],"version-history":[{"count":0,"href":"https:\/\/b2midia.com.br\/es\/wp-json\/wp\/v2\/posts\/27556\/revisions"}],"wp:featuredmedia":[{"embeddable":true,"href":"https:\/\/b2midia.com.br\/es\/wp-json\/wp\/v2\/media\/27656"}],"wp:attachment":[{"href":"https:\/\/b2midia.com.br\/es\/wp-json\/wp\/v2\/media?parent=27556"}],"wp:term":[{"taxonomy":"category","embeddable":true,"href":"https:\/\/b2midia.com.br\/es\/wp-json\/wp\/v2\/categories?post=27556"},{"taxonomy":"post_tag","embeddable":true,"href":"https:\/\/b2midia.com.br\/es\/wp-json\/wp\/v2\/tags?post=27556"}],"curies":[{"name":"wp","href":"https:\/\/api.w.org\/{rel}","templated":true}]}}