{"id":3245,"date":"2016-04-29T09:28:27","date_gmt":"2016-04-29T12:28:27","guid":{"rendered":"https:\/\/b2midia.com.br\/new\/?p=3245"},"modified":"2016-04-29T09:28:27","modified_gmt":"2016-04-29T12:28:27","slug":"1o-de-maio-dia-do-trabalho","status":"publish","type":"post","link":"https:\/\/b2midia.com.br\/es\/1o-de-maio-dia-do-trabalho\/","title":{"rendered":"01\/05 &#8211; Dia do Trabalho"},"content":{"rendered":"<h2 style=\"text-align: center;\">De cal\u00e7as jeitosas ou de cal\u00e7as rasgadas, todo trabalhador tem trabalho<\/h2>\n<h2><\/h2>\n<p>O Dia do Trabalhador, Dia do Trabalho ou Dia Internacional dos Trabalhadores \u00e9 celebrado anualmente no dia 1 de maio em numerosos pa\u00edses do mundo, sendo feriado no Brasil, em Portugal, em Angola, em Mo\u00e7ambique e em outros pa\u00edses.<\/p>\n<p>Voc\u00ea conhece a origem do Dia do trabalho?<\/p>\n<p>Em maio de 1886, trabalhadores da cidade Chigago (USA) se manifestaram contra as f\u00e1bricas, reivindicando uma redu\u00e7\u00e3o na jornada de trabalho.<!--more--><\/p>\n<p>Em 1917, a cidade de S\u00e3o Paulo protagonizou uma das maiores greves gerais j\u00e1 protagonizadas. A for\u00e7a dos trabalhados era tamanha que em 1925, foi decretado o dia 1 de Maio como Dia do Trabalho no Brasil pelo presidente Arthur Bernardes.<\/p>\n<p>Ap\u00f3s as manifesta\u00e7\u00f5es, as f\u00e1bricas institu\u00edram uma <strong>Nova Jornada de Trabalho: <\/strong>8h para o trabalho, 8h para o lazer e 8h para o descanso.<\/p>\n<p>De cal\u00e7as jeitosas ou de cal\u00e7as rasgadas todo trabalhador tem trabalho.<br \/>\n<strong>FELIZ DIA DO TRABALHO!<\/strong><\/p>\n<p><iframe loading=\"lazy\" title=\"Anima\u00e7\u00e3o | A Hist\u00f3ria do Dia do Trabalho | B2 M\u00eddia Comunica\u00e7\u00e3o\" width=\"500\" height=\"281\" src=\"https:\/\/www.youtube.com\/embed\/22A-vpviVMo?feature=oembed\" frameborder=\"0\" allow=\"accelerometer; autoplay; clipboard-write; encrypted-media; gyroscope; picture-in-picture; web-share\" referrerpolicy=\"strict-origin-when-cross-origin\" allowfullscreen><\/iframe>\t\t<\/p>","protected":false},"excerpt":{"rendered":"<p>De cal\u00e7as jeitosas ou de cal\u00e7as rasgadas, todo trabalhador tem trabalho O Dia do Trabalhador, Dia do Trabalho ou Dia Internacional dos Trabalhadores \u00e9 celebrado anualmente no dia 1 de maio em numerosos pa\u00edses do mundo, sendo feriado no Brasil, em Portugal, em Angola, em Mo\u00e7ambique e em outros pa\u00edses. Voc\u00ea conhece a origem do [&hellip;]<\/p>\n","protected":false},"author":1,"featured_media":19702,"comment_status":"open","ping_status":"open","sticky":false,"template":"","format":"standard","meta":{"_acf_changed":false,"footnotes":""},"categories":[37],"tags":[],"class_list":["post-3245","post","type-post","status-publish","format-standard","has-post-thumbnail","hentry","category-videos-animacoes"],"acf":[],"_links":{"self":[{"href":"https:\/\/b2midia.com.br\/es\/wp-json\/wp\/v2\/posts\/3245","targetHints":{"allow":["GET"]}}],"collection":[{"href":"https:\/\/b2midia.com.br\/es\/wp-json\/wp\/v2\/posts"}],"about":[{"href":"https:\/\/b2midia.com.br\/es\/wp-json\/wp\/v2\/types\/post"}],"author":[{"embeddable":true,"href":"https:\/\/b2midia.com.br\/es\/wp-json\/wp\/v2\/users\/1"}],"replies":[{"embeddable":true,"href":"https:\/\/b2midia.com.br\/es\/wp-json\/wp\/v2\/comments?post=3245"}],"version-history":[{"count":0,"href":"https:\/\/b2midia.com.br\/es\/wp-json\/wp\/v2\/posts\/3245\/revisions"}],"wp:featuredmedia":[{"embeddable":true,"href":"https:\/\/b2midia.com.br\/es\/wp-json\/wp\/v2\/media\/19702"}],"wp:attachment":[{"href":"https:\/\/b2midia.com.br\/es\/wp-json\/wp\/v2\/media?parent=3245"}],"wp:term":[{"taxonomy":"category","embeddable":true,"href":"https:\/\/b2midia.com.br\/es\/wp-json\/wp\/v2\/categories?post=3245"},{"taxonomy":"post_tag","embeddable":true,"href":"https:\/\/b2midia.com.br\/es\/wp-json\/wp\/v2\/tags?post=3245"}],"curies":[{"name":"wp","href":"https:\/\/api.w.org\/{rel}","templated":true}]}}